{"id":212,"date":"2012-04-15T18:16:52","date_gmt":"2012-04-15T16:16:52","guid":{"rendered":"http:\/\/www.hoepsi.ch\/?p=212"},"modified":"2020-02-11T23:53:56","modified_gmt":"2020-02-11T21:53:56","slug":"gemeinsamkeiten-vom-schnuerliweg-und-dem-pico-del-teide","status":"publish","type":"post","link":"https:\/\/hoepsi.ch\/?p=212","title":{"rendered":"Gemeinsamkeiten vom Schn\u00fcerliweg und dem Pico del Teide"},"content":{"rendered":"<p>Was sollen denn der <a title=\"Schn\u00fcerliweg (GC1Z681)\" href=\"http:\/\/coord.info\/GC1Z681\" target=\"_blank\" rel=\"noopener noreferrer\">Schn\u00fcerliweg<\/a>, welcher entlang der <a title=\"Churfirsten - Wikipedia\" href=\"http:\/\/de.wikipedia.org\/wiki\/Churfirsten\" target=\"_blank\" rel=\"noopener noreferrer\">Churfirsten<\/a>, oberhalb des Walensees in der Schweiz liegt &#8211; ca. 1900 m\u00fcM &#8211; mit dem <a title=\"Fumaroles at the summit of Pico del Teide (GC1EPYZ)\" href=\"http:\/\/coord.info\/GC1EPYZ\" target=\"_blank\" rel=\"noopener noreferrer\">Pico del Teide<\/a>, welcher die h\u00f6chste Erhebung &#8211; 3718 m\u00fcM &#8211; Spaniens kennzeichnet, die auf <a title=\"Teneriffa - Wikipedia\" href=\"http:\/\/de.wikipedia.org\/wiki\/Teneriffa\" target=\"_blank\" rel=\"noopener noreferrer\">Teneriffa <\/a>zu finden ist, f\u00fcr Gemeinsamkeiten haben?<\/p>\n<figure id=\"attachment_214\" aria-describedby=\"caption-attachment-214\" style=\"width: 2303px\" class=\"wp-caption alignnone\"><a href=\"https:\/\/hoepsi.ch\/wp-content\/uploads\/2012\/04\/Walenseepanorama.jpg\"><img loading=\"lazy\" decoding=\"async\" class=\"size-full wp-image-214\" title=\"Walenseepanorama\" src=\"https:\/\/hoepsi.ch\/wp-content\/uploads\/2012\/04\/Walenseepanorama.jpg\" alt=\"Walenseepanorama\" width=\"2303\" height=\"768\" srcset=\"https:\/\/hoepsi.ch\/wp-content\/uploads\/2012\/04\/Walenseepanorama.jpg 2303w, https:\/\/hoepsi.ch\/wp-content\/uploads\/2012\/04\/Walenseepanorama-300x100.jpg 300w, https:\/\/hoepsi.ch\/wp-content\/uploads\/2012\/04\/Walenseepanorama-1024x341.jpg 1024w, https:\/\/hoepsi.ch\/wp-content\/uploads\/2012\/04\/Walenseepanorama-500x166.jpg 500w\" sizes=\"(max-width: 2303px) 100vw, 2303px\" \/><\/a><figcaption id=\"caption-attachment-214\" class=\"wp-caption-text\">Walenseepanorama<\/figcaption><\/figure>\n<p>Als Startpunkt der Begehung kann bei beiden die Bergstation einer Seilbahn gew\u00e4hlt werden. Beim Schn\u00fcerliweg transportiert einem die <a title=\"Toggenburg Bergbahnen AG\" href=\"http:\/\/www.toggenburgbergbahnen.ch\" target=\"_blank\" rel=\"noopener noreferrer\">Toggenburg Bergbahn AG<\/a> von der Ortschaft Unterwasser auf den Ch\u00e4serrugg, w\u00e4hrend bis zu 150 H\u00f6henmeter unterhalb des Pico del Teide die <a title=\"Telef\u00e9rico del Teide\" href=\"http:\/\/www.telefericoteide.com\" target=\"_blank\" rel=\"noopener noreferrer\">Telef\u00e9rico del Teide<\/a> f\u00fchrt. Eine Besonderheit sei hier beim geplanten Besuch des <a title=\"Pico del Teide - Wikipedia\" href=\"http:\/\/de.wikipedia.org\/wiki\/Pico_del_Teide\" target=\"_blank\" rel=\"noopener noreferrer\">Pico del Teide<\/a> erw\u00e4hnt: Da das Gebiet auf und um den schlummernden Vulkan &#8211; es dampft aus einigen Spalten und Ritzen und riecht zum Teil stark nach Schwefel &#8211; sowohl Nationalpark ist, wie auch zum UNESCO Weltkulturerbe geh\u00f6rt, ben\u00f6tigt man eine Bewilligung, um die letzten 150 H\u00f6henmeter auf den Gipfel begehen zu d\u00fcrfen. Diese Bewilligung muss im Vorfeld beim entsprechenden Amt in Santa Cruz oder viel bequemer via <a title=\"Bewilligung f\u00fcr den Besuch des Pico del Teide\" href=\"http:\/\/www.reservasparquesnacionales.es\/real\/ParquesNac\/usu\/html\/Previo-inicio-reserva-oapn.aspx?ii=8DEU&amp;cen=2&amp;act=%201\" target=\"_blank\" rel=\"noopener noreferrer\">Internet <\/a>eingeholt werden. Diese Bewilligung gilt dann exakt f\u00fcr den reservierten Tag und das dort angegebene Zeitfenster f\u00fcr den Besuch des abgesperrten Gebietes in Richtung Gipfel. Es ist nicht m\u00f6glich, sozusagen zur Sicherheit, mehrere Tage und Zeitfenster zu reservieren.<\/p>\n<p>Als Erstes muss dann sowohl beim Schn\u00fcerliweg (<a title=\"Schn\u00fcerliweg\" href=\"http:\/\/coord.info\/GC1Z681\" target=\"_blank\" rel=\"noopener noreferrer\">GC1Z681<\/a>) wie&nbsp; auch dem Pico del Teide (<a title=\"Fumaroles at the summit of Pico del Teide\" href=\"http:\/\/coord.info\/GC1EPYZ\" target=\"_blank\" rel=\"noopener noreferrer\">GC1EPYZ<\/a>) die \u00fcberw\u00e4ltigende Aussicht, welche sich einem bei sch\u00f6nem Wetter bietet, erw\u00e4hnt werden. Dieser Punkt stellt daf\u00fcr bei beiden auch eine Gefahr dar. Wenn n\u00e4mlich das Wetter nicht mitmacht, so ist es entweder nicht ratsam z.B. bei Schnee, N\u00e4sse oder Nebel den Schn\u00fcerliweg zu beschreiten oder gar nicht m\u00f6glich bei starkem Wind &#8211; dieser weht auf Teneriffa h\u00e4ufig &#8211; die Telef\u00e9rico del Teide aber auch die Seilbahn auf den Ch\u00e4serrugg zu besteigen.<\/p>\n<div id='gallery-1' class='gallery galleryid-212 gallery-columns-3 gallery-size-thumbnail'><figure class='gallery-item'>\n\t\t\t<div class='gallery-icon landscape'>\n\t\t\t\t<a href='https:\/\/hoepsi.ch\/wp-content\/uploads\/2012\/04\/Walenseepanorama.jpg'><img loading=\"lazy\" decoding=\"async\" width=\"150\" height=\"150\" src=\"https:\/\/hoepsi.ch\/wp-content\/uploads\/2012\/04\/Walenseepanorama-150x150.jpg\" class=\"attachment-thumbnail size-thumbnail\" alt=\"Walenseepanorama\" aria-describedby=\"gallery-1-214\" \/><\/a>\n\t\t\t<\/div>\n\t\t\t\t<figcaption class='wp-caption-text gallery-caption' id='gallery-1-214'>\n\t\t\t\tWalenseepanorama\n\t\t\t\t<\/figcaption><\/figure><figure class='gallery-item'>\n\t\t\t<div class='gallery-icon landscape'>\n\t\t\t\t<a href='https:\/\/hoepsi.ch\/wp-content\/uploads\/2012\/04\/picodelteide01.jpg'><img loading=\"lazy\" decoding=\"async\" width=\"150\" height=\"150\" src=\"https:\/\/hoepsi.ch\/wp-content\/uploads\/2012\/04\/picodelteide01-150x150.jpg\" class=\"attachment-thumbnail size-thumbnail\" alt=\"Pico del Teide - Schwefel- und Wasserdampf\" aria-describedby=\"gallery-1-222\" \/><\/a>\n\t\t\t<\/div>\n\t\t\t\t<figcaption class='wp-caption-text gallery-caption' id='gallery-1-222'>\n\t\t\t\tPico del Teide &#8211; Schwefel- und Wasserdampf\n\t\t\t\t<\/figcaption><\/figure><figure class='gallery-item'>\n\t\t\t<div class='gallery-icon landscape'>\n\t\t\t\t<a href='https:\/\/hoepsi.ch\/wp-content\/uploads\/2012\/04\/picodelteide02.jpg'><img loading=\"lazy\" decoding=\"async\" width=\"150\" height=\"150\" src=\"https:\/\/hoepsi.ch\/wp-content\/uploads\/2012\/04\/picodelteide02-150x150.jpg\" class=\"attachment-thumbnail size-thumbnail\" alt=\"Pico del Teide - Schlussaufstieg\" aria-describedby=\"gallery-1-223\" \/><\/a>\n\t\t\t<\/div>\n\t\t\t\t<figcaption class='wp-caption-text gallery-caption' id='gallery-1-223'>\n\t\t\t\tPico del Teide &#8211; Schlussaufstieg\n\t\t\t\t<\/figcaption><\/figure><figure class='gallery-item'>\n\t\t\t<div class='gallery-icon landscape'>\n\t\t\t\t<a href='https:\/\/hoepsi.ch\/wp-content\/uploads\/2012\/04\/Schnueerliweg01.jpg'><img loading=\"lazy\" decoding=\"async\" width=\"150\" height=\"150\" src=\"https:\/\/hoepsi.ch\/wp-content\/uploads\/2012\/04\/Schnueerliweg01-150x150.jpg\" class=\"attachment-thumbnail size-thumbnail\" alt=\"Schn\u00fcerliweg - Schlussteil\" aria-describedby=\"gallery-1-224\" \/><\/a>\n\t\t\t<\/div>\n\t\t\t\t<figcaption class='wp-caption-text gallery-caption' id='gallery-1-224'>\n\t\t\t\tSchn\u00fcerliweg &#8211; Schlussteil\n\t\t\t\t<\/figcaption><\/figure><figure class='gallery-item'>\n\t\t\t<div class='gallery-icon landscape'>\n\t\t\t\t<a href='https:\/\/hoepsi.ch\/wp-content\/uploads\/2012\/04\/Schnueerliweg02.jpg'><img loading=\"lazy\" decoding=\"async\" width=\"150\" height=\"150\" src=\"https:\/\/hoepsi.ch\/wp-content\/uploads\/2012\/04\/Schnueerliweg02-150x150.jpg\" class=\"attachment-thumbnail size-thumbnail\" alt=\"Schn\u00fcerliweg - Drei G\u00e4msen\" aria-describedby=\"gallery-1-225\" \/><\/a>\n\t\t\t<\/div>\n\t\t\t\t<figcaption class='wp-caption-text gallery-caption' id='gallery-1-225'>\n\t\t\t\tSchn\u00fcerliweg &#8211; Drei G\u00e4msen\n\t\t\t\t<\/figcaption><\/figure><figure class='gallery-item'>\n\t\t\t<div class='gallery-icon landscape'>\n\t\t\t\t<a href='https:\/\/hoepsi.ch\/wp-content\/uploads\/2012\/04\/Schnueerliweg03.jpg'><img loading=\"lazy\" decoding=\"async\" width=\"150\" height=\"150\" src=\"https:\/\/hoepsi.ch\/wp-content\/uploads\/2012\/04\/Schnueerliweg03-150x150.jpg\" class=\"attachment-thumbnail size-thumbnail\" alt=\"Schn\u00fcerliweg - Profil\" aria-describedby=\"gallery-1-226\" \/><\/a>\n\t\t\t<\/div>\n\t\t\t\t<figcaption class='wp-caption-text gallery-caption' id='gallery-1-226'>\n\t\t\t\tSchn\u00fcerliweg &#8211; Profil\n\t\t\t\t<\/figcaption><\/figure>\n\t\t<\/div>\n\n<p>Selbstverst\u00e4ndlich k\u00f6nnen beide auch von ganz unten zu Fuss in einer oder zwei Tagesetappen bezwungen werden. Dies bedingt einfach etwas mehr Planung und allenfalls auch Wettergl\u00fcck. Gute Bergschuhe und Kleidung ist auf jeden Fall bei beiden stark empfehlenswert. W\u00e4hrend beim Pico del Teide aufgrund der H\u00f6he von bis zu 3718 m\u00fcM bzw. der d\u00fcnnen Luft der eine oder andere den H\u00f6henkoller versp\u00fcren kann, ist es beim Schn\u00fcerliweg f\u00fcr den Schlussteil von Vorteil ein Klettersteigset dabei zu haben. Weiter sollte das Thema H\u00f6henangst bei beiden kein Diskussionspunkt sein.<\/p>\n<p>Im &#8222;n\u00e4heren&#8220; Umkreis sind zudem weitere, besuchenswerte Orte vorhanden. Auf dem R\u00fcckweg vom Pico del Teide, welchen ich anstelle der Telef\u00e9rico del Teide zu Fuss bew\u00e4ltigte, \u00fcberraschte mich im Speziellen die Cueva del Hielo (<a title=\"Cueva del Hielo\" href=\"http:\/\/coord.info\/GC11X0K\" target=\"_blank\" rel=\"noopener noreferrer\">GC11X0K<\/a>), eine Eish\u00f6hle im Vulkangestein verborgen. Nach der Begehung des Schn\u00fcerliwegs lockt die Bezwingung des in der &#8222;N\u00e4he&#8220; liegenden Brisi (<a title=\"Brisi\" href=\"http:\/\/coord.info\/GC3720C\" target=\"_blank\" rel=\"noopener noreferrer\">GC3720C<\/a>), ein weiterer Gipfel der <a title=\"Churfirsten - Wikipedia\" href=\"http:\/\/de.wikipedia.org\/wiki\/Churfirsten\" target=\"_blank\" rel=\"noopener noreferrer\">Churfirsten<\/a>. Allerdings d\u00fcrfte diese wahrscheinlich auf ein andermal verschoben werden, da nach dem Schn\u00fcerliweg noch gen\u00fcgend Zeit f\u00fcr den Abstieg eingeplant werden muss.<\/p>\n<p>So unterschiedlich die hier beschriebenen Orte auch sind, sie haben offensichtlich viele Gemeinsamkeiten. Wer von den Sch\u00f6nheiten und der Faszination der Natur begeistert ist und gerne zu Fuss Gebirgs- bzw. Vulkanwelten entdecken will, ist mit beiden Adressen hervorragend bedient. Dazu w\u00fcnsche ich viel Spass.<\/p>\n","protected":false},"excerpt":{"rendered":"<p>Was sollen denn der Schn\u00fcerliweg, welcher entlang der Churfirsten, oberhalb des Walensees in der Schweiz&#8230;<\/p>\n","protected":false},"author":3,"featured_media":224,"comment_status":"open","ping_status":"closed","sticky":false,"template":"","format":"standard","meta":{"ngg_post_thumbnail":0,"footnotes":""},"categories":[1],"tags":[103,102,104,109,105,107,108,98,31,99,100,101,106],"_links":{"self":[{"href":"https:\/\/hoepsi.ch\/index.php?rest_route=\/wp\/v2\/posts\/212"}],"collection":[{"href":"https:\/\/hoepsi.ch\/index.php?rest_route=\/wp\/v2\/posts"}],"about":[{"href":"https:\/\/hoepsi.ch\/index.php?rest_route=\/wp\/v2\/types\/post"}],"author":[{"embeddable":true,"href":"https:\/\/hoepsi.ch\/index.php?rest_route=\/wp\/v2\/users\/3"}],"replies":[{"embeddable":true,"href":"https:\/\/hoepsi.ch\/index.php?rest_route=%2Fwp%2Fv2%2Fcomments&post=212"}],"version-history":[{"count":20,"href":"https:\/\/hoepsi.ch\/index.php?rest_route=\/wp\/v2\/posts\/212\/revisions"}],"predecessor-version":[{"id":687,"href":"https:\/\/hoepsi.ch\/index.php?rest_route=\/wp\/v2\/posts\/212\/revisions\/687"}],"wp:featuredmedia":[{"embeddable":true,"href":"https:\/\/hoepsi.ch\/index.php?rest_route=\/wp\/v2\/media\/224"}],"wp:attachment":[{"href":"https:\/\/hoepsi.ch\/index.php?rest_route=%2Fwp%2Fv2%2Fmedia&parent=212"}],"wp:term":[{"taxonomy":"category","embeddable":true,"href":"https:\/\/hoepsi.ch\/index.php?rest_route=%2Fwp%2Fv2%2Fcategories&post=212"},{"taxonomy":"post_tag","embeddable":true,"href":"https:\/\/hoepsi.ch\/index.php?rest_route=%2Fwp%2Fv2%2Ftags&post=212"}],"curies":[{"name":"wp","href":"https:\/\/api.w.org\/{rel}","templated":true}]}}