{"id":427,"date":"2014-08-12T12:12:59","date_gmt":"2014-08-12T10:12:59","guid":{"rendered":"http:\/\/www.hoepsi.ch\/?p=427"},"modified":"2014-11-05T00:21:51","modified_gmt":"2014-11-04T22:21:51","slug":"9-etappe-lizumerhuette-tuxerjochhaus","status":"publish","type":"post","link":"https:\/\/hoepsi.ch\/?p=427","title":{"rendered":"9. Etappe Lizumerh\u00fctte &#8211; Tuxerjochhaus"},"content":{"rendered":"<p>Vorspann:<br \/>\n\u00dcbernachtung: Lizumerh\u00fctte, \u20ac 25.00 inkl. Fr\u00fchst\u00fcck (4-Betten-Zimmer)<br \/>\nBefinden am Morgen: Hoffentlich wirds mit dem Regen nicht so schlimm und vor allem dann auch f\u00fcr den Tag darauf.<br \/>\nCaches unterwegs: 0<\/p>\n<p>Leider findet diese Etappe zurzeit und bis auf Weiteres nicht statt. Die Wetterverh\u00e4ltnisse heute und vor allem auch die n\u00e4chsten Tage sind derart schlecht, dass sp\u00e4testens morgen, bei der \u00dcberquerung der Friesenbergscharte, gr\u00f6ssere Probleme mit N\u00e4sse und m\u00f6glicherweise auch Schnee zu erwarten sind.<br \/>\nWeiter sind die Aussichten auch f\u00fcr Freitag, wo die Gliederscharte geplant gewesen w\u00e4re, immer noch nicht wesentlich besser.<br \/>\nSomit habe ich mich zu einem vorl\u00e4ufigen Abbruch der \u00dcbung entschieden. Desweiteren m\u00f6chte ich die Bergwelt geniessen k\u00f6nnen und nicht einfach mit Regenschutz \u00fcber Tage hinweg das jeweilige Tagesziel herbeisehnen. Zudem ist man dann immer von aussen sowie innen durch und durch nass.<\/p>\n<p><a href=\"https:\/\/hoepsi.ch\/wp-content\/uploads\/2014\/08\/wpid-20140809_145639.jpg\"><img decoding=\"async\" class=\"alignnone size-full\" title=\"20140809_145639.jpg\" src=\"https:\/\/hoepsi.ch\/wp-content\/uploads\/2014\/08\/wpid-20140809_145639.jpg\" alt=\"image\" \/><\/a><\/p>\n<p>Plan B sieht nun vor, dass ich die Wanderung ab Sonntag 17. August, mit dem Ziel Kreuzwiesenalm in Richtung der Dolomiten, wieder aufnehmen werde. Das w\u00fcrde im Weiteren wieder zu 100% dem vorgesehenen Fahrplan entsprechen. Die fehlenden Etappen davor w\u00fcrden dann im kommenden Jahr nachgeholt.<\/p>\n<p>Plan C w\u00e4re f\u00fcr eine Fortsetzung der Wanderung am 17. oder 18. August ab Lizumerh\u00fctte. Das w\u00fcrde das Eintreffen in Venedig schliesslich um f\u00fcnf Tage verz\u00f6gern. Dieser Plan setzt jedoch aus meiner Sicht zuverl\u00e4ssigeres und gutes Wetter in den Tiroler Alpen voraus.<\/p>\n<p>Jetzt bin ich vorerst einmal gespannt, wie sich das Wetter aufs Wochenende hin entwickelt. Ich melde mich dann wieder mit den letzten News.<\/p>\n","protected":false},"excerpt":{"rendered":"<p>Vorspann: \u00dcbernachtung: Lizumerh\u00fctte, \u20ac 25.00 inkl. Fr\u00fchst\u00fcck (4-Betten-Zimmer) Befinden am Morgen: Hoffentlich wirds mit dem&#8230;<\/p>\n","protected":false},"author":3,"featured_media":426,"comment_status":"open","ping_status":"closed","sticky":false,"template":"","format":"standard","meta":{"ngg_post_thumbnail":0,"footnotes":""},"categories":[143],"tags":[],"_links":{"self":[{"href":"https:\/\/hoepsi.ch\/index.php?rest_route=\/wp\/v2\/posts\/427"}],"collection":[{"href":"https:\/\/hoepsi.ch\/index.php?rest_route=\/wp\/v2\/posts"}],"about":[{"href":"https:\/\/hoepsi.ch\/index.php?rest_route=\/wp\/v2\/types\/post"}],"author":[{"embeddable":true,"href":"https:\/\/hoepsi.ch\/index.php?rest_route=\/wp\/v2\/users\/3"}],"replies":[{"embeddable":true,"href":"https:\/\/hoepsi.ch\/index.php?rest_route=%2Fwp%2Fv2%2Fcomments&post=427"}],"version-history":[{"count":3,"href":"https:\/\/hoepsi.ch\/index.php?rest_route=\/wp\/v2\/posts\/427\/revisions"}],"predecessor-version":[{"id":440,"href":"https:\/\/hoepsi.ch\/index.php?rest_route=\/wp\/v2\/posts\/427\/revisions\/440"}],"wp:featuredmedia":[{"embeddable":true,"href":"https:\/\/hoepsi.ch\/index.php?rest_route=\/wp\/v2\/media\/426"}],"wp:attachment":[{"href":"https:\/\/hoepsi.ch\/index.php?rest_route=%2Fwp%2Fv2%2Fmedia&parent=427"}],"wp:term":[{"taxonomy":"category","embeddable":true,"href":"https:\/\/hoepsi.ch\/index.php?rest_route=%2Fwp%2Fv2%2Fcategories&post=427"},{"taxonomy":"post_tag","embeddable":true,"href":"https:\/\/hoepsi.ch\/index.php?rest_route=%2Fwp%2Fv2%2Ftags&post=427"}],"curies":[{"name":"wp","href":"https:\/\/api.w.org\/{rel}","templated":true}]}}