{"id":484,"date":"2014-08-23T06:49:16","date_gmt":"2014-08-23T04:49:16","guid":{"rendered":"http:\/\/www.hoepsi.ch\/?p=484"},"modified":"2020-02-11T23:25:31","modified_gmt":"2020-02-11T21:25:31","slug":"19-etappe-alleghe-tissihuette","status":"publish","type":"post","link":"https:\/\/hoepsi.ch\/?p=484","title":{"rendered":"19. Etappe Alleghe &#8211; Tissih\u00fctte"},"content":{"rendered":"<p>Name: 19. Etappe MV<br \/>\nGesamtstrecke: 11.10 km (6.9 Meile\/n)<br \/>\nGesamtzeit: 4:29:51<br \/>\nZeit in Bewegung: 3:40:20<br \/>\nDurchschnittliche Geschwindigkeit in Bewegung: 3.02 km\/h (1.9 Meile\/h)<br \/>\nMaximale Geschwindigkeit: 15.65 km\/h (9.7 Meile\/h)<br \/>\nMaximale H\u00f6he: 2294 m (7527 Fu\u00df)<br \/>\nMinimale H\u00f6he: 860 m (2822 Fu\u00df)<br \/>\nH\u00f6henunterschied: 2637 m (8650 Fu\u00df)<br \/>\nMaximales Gef\u00e4lle: 59 %<br \/>\nMinimales Gef\u00e4lle: -26 %<br \/>\nAufgezeichnet: 22.8.2014 09:07<\/p>\n<p>\u00dcbernachtung: Hotel Alle Alpi, \u20ac 30.00 inkl. Fr\u00fchst\u00fcck.<br \/>\nBefinden am Morgen: Gut erholt und bereit f\u00fcr eine gem\u00fctliche Etappe.<br \/>\nCaches unterwegs: 1 Tradi<\/p>\n<p>Heute Morgen f\u00e4llte ich die Entscheidung, den leichteren, jedoch etwas l\u00e4ngeren Weg zur Tissih\u00fctte zu gehen. Ein Teil meiner Wanderfreunde w\u00e4hlten den direkten, sehr steilen Weg. Von der Gesamtzeit her machte es am Schluss keinen Unterschied.<br \/>\nMit der Gondelbahn liess ich mich zuerst auf den Col dei Baldi auf 1920 m\u00fcM schaukeln. Von dort ging es kurz etwas runter, um sogleich z\u00fcgig zum Rifugio Adolfo Sonino al Coldai auf 2135 m\u00fcM aufzusteigen. Danach zog es mich gleich weiter hoch zum Lago Coldai.<br \/>\nBei diesem sch\u00f6nen Bergsee verblieb ich ein wenig und fand einerseits einen Geocache und bestaunte andererseits die Dolomiten-W\u00e4nde der Civetta und den darunterliegenden Schnee, welcher dieses Jahr auch kaum wegschmelzen wird.<br \/>\nNachher zog es mich bereits weiter in Richtung Tissih\u00fctte. Die letzten 150 Hm hatte es mich dabei tats\u00e4chlich schon wieder verregnet.<br \/>\nNach dem Bezug des Lagers, ich werde in einem Vierbettzimmer schlafen, st\u00e4rkte ich mich mit einem Teller Spaghetti und einem Weissbier.<br \/>\nZu einem sp\u00e4teren Zeitpunkt, um 16:30 Uhr, klarte der Himmel wieder auf und ich machte den Katzensprung auf den hinter der H\u00fctte liegenden Col di Rean. Von dort gab es einen Blick zur\u00fcck auf die Berge und D\u00f6rfer, von welchen ich die letzten Tage hergewandert war. Allerdings zogen immer wieder Nebelschwaden vor\u00fcber und das Vergn\u00fcgen war von kurzer Dauer. Um 18:30 Uhr war die Tissih\u00fctte (2250 m\u00fcM) wieder komplett eingenebelt.<\/p>\n<p>Meine Top-3-Bilder des Tages:<\/p>\n<p><a href=\"https:\/\/hoepsi.ch\/wp-content\/uploads\/2014\/08\/wpid-20140822_105813.jpg\"><img decoding=\"async\" class=\"alignnone size-full\" title=\"20140822_105813.jpg\" src=\"https:\/\/hoepsi.ch\/wp-content\/uploads\/2014\/08\/wpid-20140822_105813.jpg\" alt=\"image\"><\/a><\/p>\n<p><a href=\"https:\/\/hoepsi.ch\/wp-content\/uploads\/2014\/08\/wpid-20140822_1148221.jpg\"><img decoding=\"async\" class=\"alignnone size-full\" title=\"20140822_114822.jpg\" src=\"https:\/\/hoepsi.ch\/wp-content\/uploads\/2014\/08\/wpid-20140822_1148221.jpg\" alt=\"image\"><\/a><\/p>\n<p><a href=\"https:\/\/hoepsi.ch\/wp-content\/uploads\/2014\/08\/wpid-20140822_1637061.jpg\"><img decoding=\"async\" class=\"alignnone size-full\" title=\"20140822_163706.jpg\" src=\"https:\/\/hoepsi.ch\/wp-content\/uploads\/2014\/08\/wpid-20140822_1637061.jpg\" alt=\"image\"><\/a><\/p>\n","protected":false},"excerpt":{"rendered":"<p>Name: 19. Etappe MV Gesamtstrecke: 11.10 km (6.9 Meile\/n) Gesamtzeit: 4:29:51 Zeit in Bewegung: 3:40:20&#8230;<\/p>\n","protected":false},"author":3,"featured_media":483,"comment_status":"open","ping_status":"closed","sticky":false,"template":"","format":"standard","meta":{"ngg_post_thumbnail":0,"footnotes":""},"categories":[143],"tags":[],"_links":{"self":[{"href":"https:\/\/hoepsi.ch\/index.php?rest_route=\/wp\/v2\/posts\/484"}],"collection":[{"href":"https:\/\/hoepsi.ch\/index.php?rest_route=\/wp\/v2\/posts"}],"about":[{"href":"https:\/\/hoepsi.ch\/index.php?rest_route=\/wp\/v2\/types\/post"}],"author":[{"embeddable":true,"href":"https:\/\/hoepsi.ch\/index.php?rest_route=\/wp\/v2\/users\/3"}],"replies":[{"embeddable":true,"href":"https:\/\/hoepsi.ch\/index.php?rest_route=%2Fwp%2Fv2%2Fcomments&post=484"}],"version-history":[{"count":3,"href":"https:\/\/hoepsi.ch\/index.php?rest_route=\/wp\/v2\/posts\/484\/revisions"}],"predecessor-version":[{"id":664,"href":"https:\/\/hoepsi.ch\/index.php?rest_route=\/wp\/v2\/posts\/484\/revisions\/664"}],"wp:featuredmedia":[{"embeddable":true,"href":"https:\/\/hoepsi.ch\/index.php?rest_route=\/wp\/v2\/media\/483"}],"wp:attachment":[{"href":"https:\/\/hoepsi.ch\/index.php?rest_route=%2Fwp%2Fv2%2Fmedia&parent=484"}],"wp:term":[{"taxonomy":"category","embeddable":true,"href":"https:\/\/hoepsi.ch\/index.php?rest_route=%2Fwp%2Fv2%2Fcategories&post=484"},{"taxonomy":"post_tag","embeddable":true,"href":"https:\/\/hoepsi.ch\/index.php?rest_route=%2Fwp%2Fv2%2Ftags&post=484"}],"curies":[{"name":"wp","href":"https:\/\/api.w.org\/{rel}","templated":true}]}}