{"id":490,"date":"2014-08-26T10:15:34","date_gmt":"2014-08-26T08:15:34","guid":{"rendered":"http:\/\/www.hoepsi.ch\/?p=490"},"modified":"2020-02-11T23:24:33","modified_gmt":"2020-02-11T21:24:33","slug":"20-etappe-tissihuette-passo-duran","status":"publish","type":"post","link":"https:\/\/hoepsi.ch\/?p=490","title":{"rendered":"20. Etappe Tissih\u00fctte &#8211; Passo Duran"},"content":{"rendered":"<p>Name: 20. Etappe MV<br \/>\nGesamtstrecke: 15.90 km (9.9 Meile\/n)<br \/>\nGesamtzeit: 7:55:15<br \/>\nZeit in Bewegung: 5:29:03<br \/>\nDurchschnittliche Geschwindigkeit in Bewegung: 2.90 km\/h (1.8 Meile\/h)<br \/>\nMaximale Geschwindigkeit: 6.66 km\/h (4.1 Meile\/h)<br \/>\nMaximale H\u00f6he: 2321 m (7613 Fu\u00df)<br \/>\nMinimale H\u00f6he: 1459 m (4786 Fu\u00df)<br \/>\nH\u00f6henunterschied: 2924 m (9592 Fu\u00df)<br \/>\nMaximales Gef\u00e4lle: 28 %<br \/>\nMinimales Gef\u00e4lle: -21 %<br \/>\nAufgezeichnet: 23.8.2014 07:33<\/p>\n<p>\u00dcbernachtung: Tissih\u00fctte, \u20ac 20.00 inkl. Fr\u00fchst\u00fcck (nur trockenes Weissbrot, Butter, Konfit\u00fcre und w\u00e4ssrigen Kaffee)<br \/>\nBefinden am Morgen: Bin gespannt auf eine interessante Etappe.<br \/>\nCaches unterwegs: 0 (er\u00fcbrigte sich an diesem Tag definitiv)<\/p>\n<p>Um 6:00 Uhr war an diesem Morgen Tagwache. Nachdem ich angezogen war, ging es nach draussen, um das wundersch\u00f6ne Lichtspiel der &#8222;aufgehenden&#8220; Sonne hinter den Bergen und Wolken zu bestaunen.<br \/>\nIn der H\u00fctte war es relativ kalt, wie auch am Abend zuvor. Es h\u00e4tte zwar einen Ofen zum Einfeuern gehabt, aber das war von der H\u00fcttencrew wohl nie vorgesehen. So kam auch zu keiner Zeit eine angenehme Gem\u00fctlichkeit auf.<br \/>\nNach dem spartanischen Fr\u00fchst\u00fcck machte ich mich auf den Weg zum Passo Duran. Der aufmerksame Leser hat mit Sicherheit die Anf\u00fchrungszeichen beim Wort &#8222;aufgehenden&#8220; bemerkt. Ich war n\u00e4mlich kaum 30 Minuten unterwegs, als es zu regnen begann und bis zum Zielort auch nicht mehr aufh\u00f6rte. Wo kommt denn all dieses Wasser her?<br \/>\nKurz bevor ich nach knapp zwei Stunden das Rifugio Vazzoler erreichte, wo ich mich mit einem Latte Macciato st\u00e4rkte, w\u00e4hnte ich mich in Schottland. Neben dem Regen waren n\u00e4mlich einige schottische Hochlandrinder auszumachen.<br \/>\nDas im Bruckmann &#8222;Traumpfad M\u00fcnchen-Venedig&#8220; [Seite 127] beschriebene Empfinden: &#8222;Heiss brennt die Sonne auf unserem steinigen, von Latschen ges\u00e4umten Pfad. Der w\u00fcrzige Duft der Latschenkiefern kombiniert mit den herrschenden Temperaturen l\u00e4sst unweigerlich die Assotiation an einen Saunagang aufkommen.&#8220; war zu jenem Zeitpunkt sehr unwirklich &#8211; ja, eher eine echte Utopie.<br \/>\nBei der Querung unterhalb der gewaltigen Moiazza-W\u00e4nden, auf dem Weg zum Sella del Camp, h\u00f6rte ich pl\u00f6tzlich ein lautes Grollen. Ein Blick nach oben best\u00e4tigte leider meine schlimmste Bef\u00fcrchtung. Direkt \u00fcber mir haben sich einige gr\u00f6ssere Felsbrocken gel\u00f6st und donnerten herunter. Ich hechtete sofort ein paar Meter weiter unter den n\u00e4chsten gr\u00f6sseren Felsbrocken. Dort harrte ich der Ger\u00e4usche von herunterrollenden und einschlagenden Steinen. Tats\u00e4chlich sah ich keine drei Meter unter mir ein paar Steine auftreffen.<br \/>\nAls es nach einigen Sekunden wieder ruhig war, raffte ich mich auf und machte mit Hilfe des erhaltenen Adrenalinschubes die restliche Querung und Steigung zum Sella del Camp mit mindestens der doppelten Geschwindigkeit.<br \/>\nDas war nun bereits der zweite Steinschlag, welchen ich hautnah miterleben musste. Die Dolomiten &#8211; so sch\u00f6n sie auch sein m\u00f6gen &#8211; sind effektiv an vielen Stellen ein gef\u00e4hrliches Gebiet. Das anhaltend immer wieder schlechte Wetter tut das \u00dcbrige dazu.<br \/>\nDer restliche Weg zum Passo Duran war wegen der N\u00e4sse mit viel Matsch, rutschigen Wegen und B\u00e4chen gekennzeichnet. F\u00fcr die letzten 10 Minuten zu meiner Unterkunft ben\u00f6tigte ich im immer noch str\u00f6menden Regen mindestens 30 Minuten. Der Weg war eher ein roter Bach und eine einzige Rutschpartie. Ich schaffte es jedoch ohne Absitzer ins Rifugio San Sebastiano beim Passo Duran.<br \/>\nDie durchn\u00e4ssten Kleider und Schuhe konnten dort direkt um das offene Feuer aufgeh\u00e4ngt bzw. aufgestellt und getrocknet werden. Das klappte auch ganz ordentlich. Am n\u00e4chsten Morgen war bis auf die Schuhe und Socken alles trocken. Die Schuhe und Socken f\u00fchlten sich noch etwas feucht an. Das war jedoch nicht weiter schlimm, nachdem diese dann angezogen waren.<br \/>\nEs war ein sehr ereignisreicher Tag und die Folgenden k\u00f6nnen eigentlich nur besser werden.<\/p>\n<p>Nachtrag: Im Rifugio San Sebastiano mietete ich f\u00fcr \u20ac 25.00 ein Klettersteigset mit Helm, welches f\u00fcr die \u00fcbern\u00e4chste Etappe, bei der \u00dcberschreitung der Schiara, ben\u00f6tigt wird. Es war ein Set mit Brustsicherung, welches bei gleichzeitigem Tragen eines schwereren Rucksacks von Vorteil ist.<br \/>\nBei der Anprobe und Einstellungserkl\u00e4rung war die Unterst\u00fctzung der H\u00fcttenwirts Beniamino sehr hilfreich.<\/p>\n<p>Meine Top-4-Bilder des Tages:<\/p>\n<p><a href=\"https:\/\/hoepsi.ch\/wp-content\/uploads\/2014\/08\/wpid-20140823_063402.jpg\"><img decoding=\"async\" class=\"alignnone size-full\" title=\"20140823_063402.jpg\" src=\"https:\/\/hoepsi.ch\/wp-content\/uploads\/2014\/08\/wpid-20140823_063402.jpg\" alt=\"image\"><\/a><\/p>\n<p><a href=\"https:\/\/hoepsi.ch\/wp-content\/uploads\/2014\/08\/wpid-20140823_090233.jpg\"><img decoding=\"async\" class=\"alignnone size-full\" title=\"20140823_090233.jpg\" src=\"https:\/\/hoepsi.ch\/wp-content\/uploads\/2014\/08\/wpid-20140823_090233.jpg\" alt=\"image\"><\/a><\/p>\n<p><a href=\"https:\/\/hoepsi.ch\/wp-content\/uploads\/2014\/08\/wpid-20140823_123411.jpg\"><img decoding=\"async\" class=\"alignnone size-full\" title=\"20140823_123411.jpg\" src=\"https:\/\/hoepsi.ch\/wp-content\/uploads\/2014\/08\/wpid-20140823_123411.jpg\" alt=\"image\"><\/a><\/p>\n<p><a href=\"https:\/\/hoepsi.ch\/wp-content\/uploads\/2014\/08\/wpid-20140823_160217.jpg\"><img decoding=\"async\" class=\"alignnone size-full\" title=\"20140823_160217.jpg\" src=\"https:\/\/hoepsi.ch\/wp-content\/uploads\/2014\/08\/wpid-20140823_160217.jpg\" alt=\"image\"><\/a><\/p>\n","protected":false},"excerpt":{"rendered":"<p>Name: 20. Etappe MV Gesamtstrecke: 15.90 km (9.9 Meile\/n) Gesamtzeit: 7:55:15 Zeit in Bewegung: 5:29:03&#8230;<\/p>\n","protected":false},"author":3,"featured_media":489,"comment_status":"open","ping_status":"closed","sticky":false,"template":"","format":"standard","meta":{"ngg_post_thumbnail":0,"footnotes":""},"categories":[143],"tags":[],"_links":{"self":[{"href":"https:\/\/hoepsi.ch\/index.php?rest_route=\/wp\/v2\/posts\/490"}],"collection":[{"href":"https:\/\/hoepsi.ch\/index.php?rest_route=\/wp\/v2\/posts"}],"about":[{"href":"https:\/\/hoepsi.ch\/index.php?rest_route=\/wp\/v2\/types\/post"}],"author":[{"embeddable":true,"href":"https:\/\/hoepsi.ch\/index.php?rest_route=\/wp\/v2\/users\/3"}],"replies":[{"embeddable":true,"href":"https:\/\/hoepsi.ch\/index.php?rest_route=%2Fwp%2Fv2%2Fcomments&post=490"}],"version-history":[{"count":4,"href":"https:\/\/hoepsi.ch\/index.php?rest_route=\/wp\/v2\/posts\/490\/revisions"}],"predecessor-version":[{"id":663,"href":"https:\/\/hoepsi.ch\/index.php?rest_route=\/wp\/v2\/posts\/490\/revisions\/663"}],"wp:featuredmedia":[{"embeddable":true,"href":"https:\/\/hoepsi.ch\/index.php?rest_route=\/wp\/v2\/media\/489"}],"wp:attachment":[{"href":"https:\/\/hoepsi.ch\/index.php?rest_route=%2Fwp%2Fv2%2Fmedia&parent=490"}],"wp:term":[{"taxonomy":"category","embeddable":true,"href":"https:\/\/hoepsi.ch\/index.php?rest_route=%2Fwp%2Fv2%2Fcategories&post=490"},{"taxonomy":"post_tag","embeddable":true,"href":"https:\/\/hoepsi.ch\/index.php?rest_route=%2Fwp%2Fv2%2Ftags&post=490"}],"curies":[{"name":"wp","href":"https:\/\/api.w.org\/{rel}","templated":true}]}}