{"id":496,"date":"2014-08-26T11:14:23","date_gmt":"2014-08-26T09:14:23","guid":{"rendered":"http:\/\/www.hoepsi.ch\/?p=496"},"modified":"2020-02-11T23:24:13","modified_gmt":"2020-02-11T21:24:13","slug":"21-etappe-passo-duran-pian-de-fontana","status":"publish","type":"post","link":"https:\/\/hoepsi.ch\/?p=496","title":{"rendered":"21. Etappe Passo Duran &#8211; Pian de Fontana"},"content":{"rendered":"<p>Name: 21. Etappe MV<br \/>\nGesamtstrecke: 15.21 km (9.5 Meile\/n)<br \/>\nGesamtzeit: 8:05:26<br \/>\nZeit in Bewegung: 5:49:19<br \/>\nDurchschnittliche Geschwindigkeit in Bewegung: 2.61 km\/h (1.6 Meile\/h)<br \/>\nMaximale Geschwindigkeit: 6.09 km\/h (3.8 Meile\/h)<br \/>\nMaximale H\u00f6he: 2451 m (8042 Fu\u00df)<br \/>\nMinimale H\u00f6he: 1569 m (5146 Fu\u00df)<br \/>\nH\u00f6henunterschied: 2668 m (8753 Fu\u00df)<br \/>\nMaximales Gef\u00e4lle: 32 %<br \/>\nMinimales Gef\u00e4lle: -34 %<br \/>\nAufgezeichnet: 24.8.2014 08:28<\/p>\n<p>\u00dcbernachtung: Rifugio San Sebastiano, \u20ac 25.00 inkl. Fr\u00fchst\u00fcck (mit Fr\u00fcchten, K\u00e4se und Schinken)<br \/>\nBefinden am Morgen: Freude \u00fcber das trockene, eher gute Wetter.<br \/>\nCaches unterwegs: 0 (keine Motivation)<\/p>\n<p>Heute gab es wieder einmal ein feines Fr\u00fchst\u00fcck mit gutem Kaffee. In Italien scheint es \u00fcblich zu sein, dass nur Weissbrot gegessen wird.<br \/>\nNach der morgentlichen St\u00e4rkung nahmen wir die Etappe zum Pian de Fontana unter die F\u00fcsse. Sonnenschein war zwar nie viel vorhanden, aber es blieb bis auf einen ultrakurzen Schauer immer trocken.<br \/>\nZuerst mussten wir die Passstrasse ca. 300 Meter nach unten laufen, bevor es danach links wieder durch den Wald hinauf bergw\u00e4rts ging. Die ersten Pfade waren immer noch sehr matschig und zum Teil auch rutschig.<br \/>\nIrgendwie kam ich an diesem Tag einfach nicht auf Touren. Es boten sich zwar wundersch\u00f6ne Entdeckungen und Ausblicke. Meine Begeisterung f\u00fcr diese Bergwelt scheint jedoch vorl\u00e4ufig ersch\u00f6pft zu sein.<br \/>\nDennoch ging es stehten Schrittes in Richtung des Tagesh\u00f6chstpunktes Forcella di Citta hinauf.<br \/>\nDer dann folgende Abstieg zum Pian de Fontana war ziemlich steil. Zur kleinen Auflockerung konnten sowohl G\u00e4mse als auch aus n\u00e4chster N\u00e4he Murmeltiere beobachtet werden. Danach war jedoch wieder h\u00f6chste Konzentration zur Bew\u00e4ltigung des steilen Abstiegs gefordert.<br \/>\nBei Erreichen des Rifugio Pian de Fontana war f\u00fcr mich klar, dass ich die Schiara am folgenden Tag nicht bew\u00e4ltigen werde. Ich wollte einfach runter nach Belluno und mich bei einem wanderfreien Tag f\u00fcr die letzten Etappen nach Venedig erholen und st\u00e4rken.<\/p>\n<p>Meine Top-3-Bilder des Tages:<\/p>\n<p><a href=\"https:\/\/hoepsi.ch\/wp-content\/uploads\/2014\/08\/wpid-20140824_140101.jpg\"><img decoding=\"async\" class=\"alignnone size-full\" title=\"20140824_140101.jpg\" src=\"https:\/\/hoepsi.ch\/wp-content\/uploads\/2014\/08\/wpid-20140824_140101.jpg\" alt=\"image\"><\/a><\/p>\n<p><a href=\"https:\/\/hoepsi.ch\/wp-content\/uploads\/2014\/08\/wpid-20140824_142140.jpg\"><img decoding=\"async\" class=\"alignnone size-full\" title=\"20140824_142140.jpg\" src=\"https:\/\/hoepsi.ch\/wp-content\/uploads\/2014\/08\/wpid-20140824_142140.jpg\" alt=\"image\"><\/a><\/p>\n<p><a href=\"https:\/\/hoepsi.ch\/wp-content\/uploads\/2014\/08\/wpid-20140824_145334.jpg\"><img decoding=\"async\" class=\"alignnone size-full\" title=\"20140824_145334.jpg\" src=\"https:\/\/hoepsi.ch\/wp-content\/uploads\/2014\/08\/wpid-20140824_145334.jpg\" alt=\"image\"><\/a><\/p>\n","protected":false},"excerpt":{"rendered":"<p>Name: 21. Etappe MV Gesamtstrecke: 15.21 km (9.5 Meile\/n) Gesamtzeit: 8:05:26 Zeit in Bewegung: 5:49:19&#8230;<\/p>\n","protected":false},"author":3,"featured_media":495,"comment_status":"open","ping_status":"closed","sticky":false,"template":"","format":"standard","meta":{"ngg_post_thumbnail":0,"footnotes":""},"categories":[143],"tags":[],"_links":{"self":[{"href":"https:\/\/hoepsi.ch\/index.php?rest_route=\/wp\/v2\/posts\/496"}],"collection":[{"href":"https:\/\/hoepsi.ch\/index.php?rest_route=\/wp\/v2\/posts"}],"about":[{"href":"https:\/\/hoepsi.ch\/index.php?rest_route=\/wp\/v2\/types\/post"}],"author":[{"embeddable":true,"href":"https:\/\/hoepsi.ch\/index.php?rest_route=\/wp\/v2\/users\/3"}],"replies":[{"embeddable":true,"href":"https:\/\/hoepsi.ch\/index.php?rest_route=%2Fwp%2Fv2%2Fcomments&post=496"}],"version-history":[{"count":3,"href":"https:\/\/hoepsi.ch\/index.php?rest_route=\/wp\/v2\/posts\/496\/revisions"}],"predecessor-version":[{"id":662,"href":"https:\/\/hoepsi.ch\/index.php?rest_route=\/wp\/v2\/posts\/496\/revisions\/662"}],"wp:featuredmedia":[{"embeddable":true,"href":"https:\/\/hoepsi.ch\/index.php?rest_route=\/wp\/v2\/media\/495"}],"wp:attachment":[{"href":"https:\/\/hoepsi.ch\/index.php?rest_route=%2Fwp%2Fv2%2Fmedia&parent=496"}],"wp:term":[{"taxonomy":"category","embeddable":true,"href":"https:\/\/hoepsi.ch\/index.php?rest_route=%2Fwp%2Fv2%2Fcategories&post=496"},{"taxonomy":"post_tag","embeddable":true,"href":"https:\/\/hoepsi.ch\/index.php?rest_route=%2Fwp%2Fv2%2Ftags&post=496"}],"curies":[{"name":"wp","href":"https:\/\/api.w.org\/{rel}","templated":true}]}}