{"id":503,"date":"2014-08-26T21:51:10","date_gmt":"2014-08-26T19:51:10","guid":{"rendered":"http:\/\/www.hoepsi.ch\/?p=503"},"modified":"2020-02-11T23:45:39","modified_gmt":"2020-02-11T21:45:39","slug":"22-23-etappe-pian-de-fontana-belluno","status":"publish","type":"post","link":"https:\/\/hoepsi.ch\/?p=503","title":{"rendered":"22.\/23. Etappe Pian de Fontana &#8211; Belluno"},"content":{"rendered":"<p>Name: 22.\/23. Etappe MV<br \/>\nGesamtstrecke: 31.64 km (19.7 Meile\/n)<br \/>\nGesamtzeit: 7:14:41<br \/>\nZeit in Bewegung: 4:27:02<br \/>\nDurchschnittliche Geschwindigkeit in Bewegung: 7.11 km\/h (4.4 Meile\/h)<br \/>\nMaximale Geschwindigkeit: 97.74 km\/h (60.7 Meile\/h)<br \/>\nMaximale H\u00f6he: 1790 m (5873 Fu\u00df)<br \/>\nMinimale H\u00f6he: 431 m (1414 Fu\u00df)<br \/>\nH\u00f6henunterschied: 2312 m (7586 Fu\u00df)<br \/>\nMaximales Gef\u00e4lle: 37 %<br \/>\nMinimales Gef\u00e4lle: -81 %<br \/>\nAufgezeichnet: 25.8.2014 07:32<\/p>\n<p>\u00dcbernachtung: Rifugio Pian de Fontana, \u20ac 39.00 inkl. Halbpension (das Abendessen hatte drei reichhaltige, k\u00f6stliche G\u00e4nge)<br \/>\nBefinden am Morgen: Bereit f\u00fcr den Abstieg nach Jesolo. Das bew\u00f6lkte, neblige Wetter best\u00e4rkte mich darin nochmals.<br \/>\nCaches unterwegs: 0<\/p>\n<p>Es gab zwar zum Morgenessen wiederum nur das typisch italienische Gedeck mit Weissbrot, Butter, Konfit\u00fcre und Kaffee. Das Weissbrot war jedoch frisch und zu den Konfit\u00fcren gab es zus\u00e4tzlich eine Art Nutella. Komponenten welche w\u00e4hrend des Essens ausgingen, wurden fleissig nachgereicht.<br \/>\nFrisch gest\u00e4rkt, machten sich nach dem morgentlichen Essen s\u00e4mtliche M\u00fcnchen-Venedig Wanderer vorerst f\u00fcr ca. 1.5 Stunden auf den gleichen Weg. Danach trennten sich die Wege der zuk\u00fcnftigen Schiara-Bezwinger und der Direkt-nach-Belluno-Geher.<br \/>\nDer weitere Abstieg bis ins Tal war bis auf die letzten 700 Meter ganz angenehm und Knie schonend. Der Weg f\u00fchrte einerseits durch sch\u00f6ne, mystisch anmutende Waldwege. Andererseits aber auch an von Lawinen niedergedr\u00fcckten und geknickten B\u00e4umen entlang eines Baches vorbei. Einmal musste dieser Bach auch \u00fcberquert werden, wobei oberhalb noch eine Menge Schnee lag und der Bach eine richtige H\u00f6hle reingefressen hat.<br \/>\nBei der Bianchet-H\u00fctte gab es eine kleine Pause. Diese war aber wirklich klein, da alle ganz unten bei der viel befahrenen Durchgangsstrasse um 12:44 Uhr den Bus nach Belluno erwischen wollten. Der gleiche Weg wie der Bus h\u00e4tte man auch zu Fuss machen k\u00f6nnen. Das war aber keinenfalls empfehlenswert. Schliesslich kamen auch alle ca. 15 Minuten, bevor der Bus heranbrauste, bei der Haltestelle an.<br \/>\nMeine Bleibe f\u00fcr die kommenden zwei N\u00e4chte war etwas vor Belluno, n\u00e4mlich in Bolzano. Um diese zu Erreichen musste ich einmal umsteigen und am Schluss nochmals in 15 Minuten einige H\u00f6henmeter gewinnen. Meine Unterkunft war ein B&amp;B auf einem Bauernhof (Agriturismo). Das Fr\u00fchst\u00fcck welches mich am Mogen darauf erwartete, war auf jeden Fall feudal.<br \/>\nDa ich vom Pian de Fontana direkt nach Belluno abgestiegen bin, fielen f\u00fcr mich die Etappen 22 und 23 sozusagen zusammen. Dies erm\u00f6glichte mir somit einen dringend ben\u00f6tigten Erholungstag einzulegen. Am Mittwoch geht es dann mit der n\u00e4chsten Etappe weiter.<\/p>\n<p>Meine Top-5-Bilder des Tages:<\/p>\n<p><a href=\"https:\/\/hoepsi.ch\/wp-content\/uploads\/2014\/08\/wpid-20140825_080430.jpg\"><img decoding=\"async\" class=\"alignnone size-full\" title=\"20140825_080430.jpg\" src=\"https:\/\/hoepsi.ch\/wp-content\/uploads\/2014\/08\/wpid-20140825_080430.jpg\" alt=\"image\"><\/a><\/p>\n<p><a href=\"https:\/\/hoepsi.ch\/wp-content\/uploads\/2014\/08\/wpid-20140825_091330.jpg\"><img decoding=\"async\" class=\"alignnone size-full\" title=\"20140825_091330.jpg\" src=\"https:\/\/hoepsi.ch\/wp-content\/uploads\/2014\/08\/wpid-20140825_091330.jpg\" alt=\"image\"><\/a><\/p>\n<p><a href=\"https:\/\/hoepsi.ch\/wp-content\/uploads\/2014\/08\/wpid-20140825_111958.jpg\"><img decoding=\"async\" class=\"alignnone size-full\" title=\"20140825_111958.jpg\" src=\"https:\/\/hoepsi.ch\/wp-content\/uploads\/2014\/08\/wpid-20140825_111958.jpg\" alt=\"image\"><\/a><\/p>\n<p><a href=\"https:\/\/hoepsi.ch\/wp-content\/uploads\/2014\/08\/wpid-20140825_114951.jpg\"><img decoding=\"async\" class=\"alignnone size-full\" title=\"20140825_114951.jpg\" src=\"https:\/\/hoepsi.ch\/wp-content\/uploads\/2014\/08\/wpid-20140825_114951.jpg\" alt=\"image\"><\/a><\/p>\n<p><a href=\"https:\/\/hoepsi.ch\/wp-content\/uploads\/2014\/08\/wpid-20140826_080407.jpg\"><img decoding=\"async\" class=\"alignnone size-full\" title=\"20140826_080407.jpg\" src=\"https:\/\/hoepsi.ch\/wp-content\/uploads\/2014\/08\/wpid-20140826_080407.jpg\" alt=\"image\"><\/a><\/p>\n","protected":false},"excerpt":{"rendered":"<p>Name: 22.\/23. Etappe MV Gesamtstrecke: 31.64 km (19.7 Meile\/n) Gesamtzeit: 7:14:41 Zeit in Bewegung: 4:27:02&#8230;<\/p>\n","protected":false},"author":3,"featured_media":502,"comment_status":"open","ping_status":"closed","sticky":false,"template":"","format":"standard","meta":{"ngg_post_thumbnail":0,"footnotes":""},"categories":[143],"tags":[],"_links":{"self":[{"href":"https:\/\/hoepsi.ch\/index.php?rest_route=\/wp\/v2\/posts\/503"}],"collection":[{"href":"https:\/\/hoepsi.ch\/index.php?rest_route=\/wp\/v2\/posts"}],"about":[{"href":"https:\/\/hoepsi.ch\/index.php?rest_route=\/wp\/v2\/types\/post"}],"author":[{"embeddable":true,"href":"https:\/\/hoepsi.ch\/index.php?rest_route=\/wp\/v2\/users\/3"}],"replies":[{"embeddable":true,"href":"https:\/\/hoepsi.ch\/index.php?rest_route=%2Fwp%2Fv2%2Fcomments&post=503"}],"version-history":[{"count":4,"href":"https:\/\/hoepsi.ch\/index.php?rest_route=\/wp\/v2\/posts\/503\/revisions"}],"predecessor-version":[{"id":680,"href":"https:\/\/hoepsi.ch\/index.php?rest_route=\/wp\/v2\/posts\/503\/revisions\/680"}],"wp:featuredmedia":[{"embeddable":true,"href":"https:\/\/hoepsi.ch\/index.php?rest_route=\/wp\/v2\/media\/502"}],"wp:attachment":[{"href":"https:\/\/hoepsi.ch\/index.php?rest_route=%2Fwp%2Fv2%2Fmedia&parent=503"}],"wp:term":[{"taxonomy":"category","embeddable":true,"href":"https:\/\/hoepsi.ch\/index.php?rest_route=%2Fwp%2Fv2%2Fcategories&post=503"},{"taxonomy":"post_tag","embeddable":true,"href":"https:\/\/hoepsi.ch\/index.php?rest_route=%2Fwp%2Fv2%2Ftags&post=503"}],"curies":[{"name":"wp","href":"https:\/\/api.w.org\/{rel}","templated":true}]}}