{"id":518,"date":"2014-08-28T19:50:57","date_gmt":"2014-08-28T17:50:57","guid":{"rendered":"http:\/\/www.hoepsi.ch\/?p=518"},"modified":"2020-02-11T23:23:00","modified_gmt":"2020-02-11T21:23:00","slug":"25-etappe-arfanta-ponte-della-priula","status":"publish","type":"post","link":"https:\/\/hoepsi.ch\/?p=518","title":{"rendered":"25. Etappe Arfanta &#8211; Ponte della Pri\u00f9la"},"content":{"rendered":"<p>Name: 25. Etappe MV<br \/>\nGesamtstrecke: 22.15 km (13.8 Meile\/n)<br \/>\nGesamtzeit: 7:20:29<br \/>\nZeit in Bewegung: 5:00:27<br \/>\nDurchschnittliche Geschwindigkeit in Bewegung: 4.42 km\/h (2.7 Meile\/h)<br \/>\nMaximale Geschwindigkeit: 5.24 km\/h (3.3 Meile\/h)<br \/>\nMaximale H\u00f6he: 377 m (1237 Fu\u00df)<br \/>\nMinimale H\u00f6he: 109 m (358 Fu\u00df)<br \/>\nH\u00f6henunterschied: 563 m (1846 Fu\u00df)<br \/>\nMaximales Gef\u00e4lle: 6 %<br \/>\nMinimales Gef\u00e4lle: -13 %<br \/>\nAufgezeichnet: 28.8.2014 09:00<\/p>\n<p>\u00dcbernachtung: Agriturismo Le Noci, \u20ac 48.00 inkl. Halbpension (zum Abendessen gabs einen selbst gekelterten Prosecco)<br \/>\nBefinden am Morgen: Nachdem in der Nacht der Wind durchs Haus pfiff und das Geb\u00e4lk knarrte, war ich erstaunt, dass am Morgen immer noch alles wie am Abend davor auf seinem Platz war.<br \/>\nCaches unterwegs: 1 Tradi<\/p>\n<p>Beim Start vom Agriturismo Le Noci gings zuerst querfeldein oder besser querhangabw\u00e4rts bis ich wieder auf der Originalstrecke des Tages war. Aufgrund des Mehraufwandes vom Vortag, mussten somit nur noch gut 22 km bew\u00e4ltigt werden.<br \/>\nNach knapp einer halben Stunde war ich auch schon bei der M\u00fchle von Mulinetto della Croda. Gem\u00e4ss meinen Informationen musste sich dort vor wenigen Wochen aufgrund eines Unwetters ein Ungl\u00fcck ereignet haben. Die Strasse war f\u00fcr den Autoverkehr grunds\u00e4tzlich auch gesperrt und vor Ort waren intensive Aufr\u00e4umarbeiten im Gange. Es liess sich unschwer erkennen, dass Wassermassen \u00fcber eine grosse Strecke Verw\u00fcstungen angerichtet haben m\u00fcssen. Eine sch\u00f6nes Bild der M\u00fchle liess sich trotzdem schiessen.<br \/>\nWeiter ging es nach Refrontolo und danach an der Burg Collalto vorbei. Dabei durchquerte ich immer wieder Rebberge, da ich mich ja nachwievor entlang der Prosecco Weinstrasse bewegte. Etwas wehm\u00fctig registrierte ich, dass die eine oder andere Prosecco Degustation gerne kredenzt worden w\u00e4re. Mein Auftrag lautet jedoch immer noch, Venedig zu Fuss zu erreichen und somit liess ich das Degustieren (leider) bleiben.<br \/>\nAls ich dann San Daniele passiert hatte, \u00f6ffnete sich vor mir der Blick \u00fcber die ganze venezianische Ebene und am Horizont vermutete ich auf jeden Fall das Meer. Der letzte H\u00fcgel mit 230 m\u00fcM war bezwungen. H\u00f6her als Ponte della Priula, welches ich kurz darauf erreichte, wird es wohl mit 69 m\u00fcM nicht mehr werden.<br \/>\nH\u00e4ufig raschelte es auf der linken oder rechten Wegseite und kleinere sowie gr\u00f6ssere Eidechsen brachten sich in Sicherheit. Etwas weniger angenehm sind die Schw\u00e4rme von M\u00fccken, welche mich ebenfalls fleissig begleiteten und zum Fressen gern hatten. Es blieb mir nun nichts anderes mehr \u00fcbrig, als einen hoffentlich zu 100% abschreckenden Spray f\u00fcr die restlichen Etappen zu kaufen.<br \/>\nEs mussten einige Kilometer entlang von (Haupt-)Strassen gewandert werden. Dennoch war es auch heute wiederum durchaus interessant und ich nahm einige spannende Eindr\u00fccke mit.<\/p>\n<p>Meine Top-4-Bilder des Tages:<\/p>\n<p><a href=\"https:\/\/hoepsi.ch\/wp-content\/uploads\/2014\/08\/wpid-20140828_094744.jpg\"><img decoding=\"async\" class=\"alignnone size-full\" title=\"20140828_094744.jpg\" src=\"https:\/\/hoepsi.ch\/wp-content\/uploads\/2014\/08\/wpid-20140828_094744.jpg\" alt=\"image\"><\/a><\/p>\n<p><a href=\"https:\/\/hoepsi.ch\/wp-content\/uploads\/2014\/08\/wpid-20140828_094850.jpg\"><img decoding=\"async\" class=\"alignnone size-full\" title=\"20140828_094850.jpg\" src=\"https:\/\/hoepsi.ch\/wp-content\/uploads\/2014\/08\/wpid-20140828_094850.jpg\" alt=\"image\"><\/a><\/p>\n<p><a href=\"https:\/\/hoepsi.ch\/wp-content\/uploads\/2014\/08\/wpid-20140828_133159.jpg\"><img decoding=\"async\" class=\"alignnone size-full\" title=\"20140828_133159.jpg\" src=\"https:\/\/hoepsi.ch\/wp-content\/uploads\/2014\/08\/wpid-20140828_133159.jpg\" alt=\"image\"><\/a><\/p>\n<p><a href=\"https:\/\/hoepsi.ch\/wp-content\/uploads\/2014\/08\/wpid-20140828_141820.jpg\"><img decoding=\"async\" class=\"alignnone size-full\" title=\"20140828_141820.jpg\" src=\"https:\/\/hoepsi.ch\/wp-content\/uploads\/2014\/08\/wpid-20140828_141820.jpg\" alt=\"image\"><\/a><\/p>\n","protected":false},"excerpt":{"rendered":"<p>Name: 25. Etappe MV Gesamtstrecke: 22.15 km (13.8 Meile\/n) Gesamtzeit: 7:20:29 Zeit in Bewegung: 5:00:27&#8230;<\/p>\n","protected":false},"author":3,"featured_media":517,"comment_status":"open","ping_status":"closed","sticky":false,"template":"","format":"standard","meta":{"ngg_post_thumbnail":0,"footnotes":""},"categories":[143],"tags":[],"_links":{"self":[{"href":"https:\/\/hoepsi.ch\/index.php?rest_route=\/wp\/v2\/posts\/518"}],"collection":[{"href":"https:\/\/hoepsi.ch\/index.php?rest_route=\/wp\/v2\/posts"}],"about":[{"href":"https:\/\/hoepsi.ch\/index.php?rest_route=\/wp\/v2\/types\/post"}],"author":[{"embeddable":true,"href":"https:\/\/hoepsi.ch\/index.php?rest_route=\/wp\/v2\/users\/3"}],"replies":[{"embeddable":true,"href":"https:\/\/hoepsi.ch\/index.php?rest_route=%2Fwp%2Fv2%2Fcomments&post=518"}],"version-history":[{"count":4,"href":"https:\/\/hoepsi.ch\/index.php?rest_route=\/wp\/v2\/posts\/518\/revisions"}],"predecessor-version":[{"id":659,"href":"https:\/\/hoepsi.ch\/index.php?rest_route=\/wp\/v2\/posts\/518\/revisions\/659"}],"wp:featuredmedia":[{"embeddable":true,"href":"https:\/\/hoepsi.ch\/index.php?rest_route=\/wp\/v2\/media\/517"}],"wp:attachment":[{"href":"https:\/\/hoepsi.ch\/index.php?rest_route=%2Fwp%2Fv2%2Fmedia&parent=518"}],"wp:term":[{"taxonomy":"category","embeddable":true,"href":"https:\/\/hoepsi.ch\/index.php?rest_route=%2Fwp%2Fv2%2Fcategories&post=518"},{"taxonomy":"post_tag","embeddable":true,"href":"https:\/\/hoepsi.ch\/index.php?rest_route=%2Fwp%2Fv2%2Ftags&post=518"}],"curies":[{"name":"wp","href":"https:\/\/api.w.org\/{rel}","templated":true}]}}