{"id":602,"date":"2015-08-23T14:11:54","date_gmt":"2015-08-23T12:11:54","guid":{"rendered":"http:\/\/www.hoepsi.ch\/?p=602"},"modified":"2020-02-11T23:42:19","modified_gmt":"2020-02-11T21:42:19","slug":"flueelapass-schwarzhorn-grialetschhuette-flueelapass","status":"publish","type":"post","link":"https:\/\/hoepsi.ch\/?p=602","title":{"rendered":"Fl\u00fcelapass &#8211; Schwarzhorn &#8211; Grialetschh\u00fctte &#8211; Fl\u00fcelapass"},"content":{"rendered":"<p>Am 13. August 2015 startete ich vom Fl\u00fcelapass auf 2326 m\u00fcM meine Wanderung rauf auf das Schwarzhorn, welches mit seinen 3146 m\u00fcM ein einfach zu begehender 3000er ist. Um ca. 06.20 Uhr begleitete mich f\u00fcr eine Weile ein wundersch\u00f6ner Sonnenaufgang.<\/p>\n<p>Etwas sp\u00e4ter kamen mir dann einige Wanderer entgegen, welche den Sonnenaufgang auf dem Schwarzhorngipfel erleben durften. Es sei wundersch\u00f6n, aber auch bitterkalt gewesen. Weiter mussten diese Leute sp\u00e4testens um 04.00 Uhr in der Fr\u00fch ab Fl\u00fcelapass starten, damit sie zur rechten Zeit auf dem Gipfel waren.<\/p>\n<p>Nach gem\u00fctlichen, etwas mehr als zwei Stunden Wanderzeit, erreichte ich den Gipfel des Schwarzhorns. Nat\u00fcrlich suchte ich zuvor noch den in der N\u00e4he versteckten Geocache <a href=\"http:\/\/coord.info\/GC16TT5\" target=\"_blank\" rel=\"noopener noreferrer\">GC16TT5 <\/a>und platzierte dabei artgerecht einen Travelbug, welcher einen kleinen Farbk\u00fcbel darstellte.<\/p>\n<p>Die Aussicht auf dem Schwarzhorn war grandios. Der Blick war frei bis nach Davos und das Panoramabild in die westliche Richtung offenbarte beinahe unendlich viele weitere Gipfel, welche zu besteigen sein m\u00f6gen.<\/p>\n<p>Beim Abstieg vom Schwarzhorn entschied ich mich dann spontan die Wanderung \u00fcber die Grialetschh\u00fctte weiterzuf\u00fchren. Dies nat\u00fcrlich nicht ohne Grund. Dort hatte es n\u00e4mlich einen weiteren Geocache <a href=\"http:\/\/coord.info\/GC1VF9C\" target=\"_blank\" rel=\"noopener noreferrer\">GC1VF9C<\/a>, welchen ich bis dato noch nie besucht habe.<\/p>\n<p>Kurz vor der Grialetschh\u00fctte sind zwei Seen zu bewundern. Der eine wird als Trinkwasserreservoir benutzt, weshalb dort das Baden f\u00fcr Mensch und Tier auch verboten ist.<\/p>\n<p>Schliesslich konnte ich den kleinen Rest des Grialetschgletschers von der H\u00fctte aus bewundern. Es scheint leider nicht mehr viel davon \u00fcbrig zu sein.<\/p>\n<p>Nach einer kleinen St\u00e4rkung machte ich mich dann auf den Weg zur\u00fcck zum Fl\u00fcelapass, wo ich mein Auto nach guten 9 Stunden wohlbehalten wieder erreichte. Es ging jedoch nicht sofort auf den Nachhauseweg. Ich konnte es nicht lassen und besuchte einen weiteren Geocache, welcher etwas weiter unten im alten Tunnel <a href=\"http:\/\/coord.info\/GC1FY21\" target=\"_blank\" rel=\"noopener noreferrer\">GC1FY21 <\/a>versteckt war. Doch nach dieser erfolgreichen Suche ging es endg\u00fcltig zur\u00fcck nach Hause.<\/p>\n<figure id=\"attachment_603\" aria-describedby=\"caption-attachment-603\" style=\"width: 584px\" class=\"wp-caption alignnone\"><a href=\"https:\/\/hoepsi.ch\/wp-content\/uploads\/2015\/08\/Flueela-Schwarzhorn-Grialetsch-Flueela-Protokoll.jpg\"><img loading=\"lazy\" decoding=\"async\" class=\"size-large wp-image-603\" src=\"https:\/\/hoepsi.ch\/wp-content\/uploads\/2015\/08\/Flueela-Schwarzhorn-Grialetsch-Flueela-Protokoll-1024x639.jpg\" alt=\"Track und Profil der Wanderung\" width=\"584\" height=\"364\" srcset=\"https:\/\/hoepsi.ch\/wp-content\/uploads\/2015\/08\/Flueela-Schwarzhorn-Grialetsch-Flueela-Protokoll-1024x639.jpg 1024w, https:\/\/hoepsi.ch\/wp-content\/uploads\/2015\/08\/Flueela-Schwarzhorn-Grialetsch-Flueela-Protokoll-300x187.jpg 300w, https:\/\/hoepsi.ch\/wp-content\/uploads\/2015\/08\/Flueela-Schwarzhorn-Grialetsch-Flueela-Protokoll-481x300.jpg 481w, https:\/\/hoepsi.ch\/wp-content\/uploads\/2015\/08\/Flueela-Schwarzhorn-Grialetsch-Flueela-Protokoll.jpg 1615w\" sizes=\"(max-width: 584px) 100vw, 584px\" \/><\/a><figcaption id=\"caption-attachment-603\" class=\"wp-caption-text\">Track und Profil der Wanderung<\/figcaption><\/figure>\n<figure id=\"attachment_604\" aria-describedby=\"caption-attachment-604\" style=\"width: 584px\" class=\"wp-caption alignnone\"><a href=\"https:\/\/hoepsi.ch\/wp-content\/uploads\/2015\/08\/Flueela-Schwarzhorn-Grialetsch-Flueela01.jpg\"><img loading=\"lazy\" decoding=\"async\" class=\"size-large wp-image-604\" src=\"https:\/\/hoepsi.ch\/wp-content\/uploads\/2015\/08\/Flueela-Schwarzhorn-Grialetsch-Flueela01-1024x576.jpg\" alt=\"Sonnenaufgang um ca. 06.20 Uhr\" width=\"584\" height=\"329\" srcset=\"https:\/\/hoepsi.ch\/wp-content\/uploads\/2015\/08\/Flueela-Schwarzhorn-Grialetsch-Flueela01-1024x576.jpg 1024w, https:\/\/hoepsi.ch\/wp-content\/uploads\/2015\/08\/Flueela-Schwarzhorn-Grialetsch-Flueela01-300x169.jpg 300w, https:\/\/hoepsi.ch\/wp-content\/uploads\/2015\/08\/Flueela-Schwarzhorn-Grialetsch-Flueela01-500x281.jpg 500w, https:\/\/hoepsi.ch\/wp-content\/uploads\/2015\/08\/Flueela-Schwarzhorn-Grialetsch-Flueela01.jpg 2048w\" sizes=\"(max-width: 584px) 100vw, 584px\" \/><\/a><figcaption id=\"caption-attachment-604\" class=\"wp-caption-text\">Sonnenaufgang um ca. 06.20 Uhr<\/figcaption><\/figure>\n<figure id=\"attachment_605\" aria-describedby=\"caption-attachment-605\" style=\"width: 169px\" class=\"wp-caption alignnone\"><a href=\"https:\/\/hoepsi.ch\/wp-content\/uploads\/2015\/08\/Flueela-Schwarzhorn-Grialetsch-Flueela02.jpg\"><img loading=\"lazy\" decoding=\"async\" class=\"wp-image-605 size-medium\" src=\"https:\/\/hoepsi.ch\/wp-content\/uploads\/2015\/08\/Flueela-Schwarzhorn-Grialetsch-Flueela02-169x300.jpg\" alt=\"Travelbug (fast) auf dem Schwarzhorn\" width=\"169\" height=\"300\" srcset=\"https:\/\/hoepsi.ch\/wp-content\/uploads\/2015\/08\/Flueela-Schwarzhorn-Grialetsch-Flueela02-169x300.jpg 169w, https:\/\/hoepsi.ch\/wp-content\/uploads\/2015\/08\/Flueela-Schwarzhorn-Grialetsch-Flueela02-576x1024.jpg 576w, https:\/\/hoepsi.ch\/wp-content\/uploads\/2015\/08\/Flueela-Schwarzhorn-Grialetsch-Flueela02.jpg 1024w\" sizes=\"(max-width: 169px) 100vw, 169px\" \/><\/a><figcaption id=\"caption-attachment-605\" class=\"wp-caption-text\">Travelbug (fast) auf dem Schwarzhorn<\/figcaption><\/figure>\n<figure id=\"attachment_606\" aria-describedby=\"caption-attachment-606\" style=\"width: 584px\" class=\"wp-caption alignnone\"><a href=\"https:\/\/hoepsi.ch\/wp-content\/uploads\/2015\/08\/Flueela-Schwarzhorn-Grialetsch-Flueela03.jpg\"><img loading=\"lazy\" decoding=\"async\" class=\"size-large wp-image-606\" src=\"https:\/\/hoepsi.ch\/wp-content\/uploads\/2015\/08\/Flueela-Schwarzhorn-Grialetsch-Flueela03-1024x576.jpg\" alt=\"Blick nach Davos vom Schwarzhorn aus.\" width=\"584\" height=\"329\" srcset=\"https:\/\/hoepsi.ch\/wp-content\/uploads\/2015\/08\/Flueela-Schwarzhorn-Grialetsch-Flueela03-1024x576.jpg 1024w, https:\/\/hoepsi.ch\/wp-content\/uploads\/2015\/08\/Flueela-Schwarzhorn-Grialetsch-Flueela03-300x169.jpg 300w, https:\/\/hoepsi.ch\/wp-content\/uploads\/2015\/08\/Flueela-Schwarzhorn-Grialetsch-Flueela03-500x281.jpg 500w, https:\/\/hoepsi.ch\/wp-content\/uploads\/2015\/08\/Flueela-Schwarzhorn-Grialetsch-Flueela03.jpg 2048w\" sizes=\"(max-width: 584px) 100vw, 584px\" \/><\/a><figcaption id=\"caption-attachment-606\" class=\"wp-caption-text\">Blick nach Davos vom Schwarzhorn aus.<\/figcaption><\/figure>\n<figure id=\"attachment_607\" aria-describedby=\"caption-attachment-607\" style=\"width: 584px\" class=\"wp-caption alignnone\"><a href=\"https:\/\/hoepsi.ch\/wp-content\/uploads\/2015\/08\/Flueela-Schwarzhorn-Grialetsch-Flueela04.jpg\"><img loading=\"lazy\" decoding=\"async\" class=\"wp-image-607 size-large\" src=\"https:\/\/hoepsi.ch\/wp-content\/uploads\/2015\/08\/Flueela-Schwarzhorn-Grialetsch-Flueela04-1024x283.jpg\" alt=\"Panoramabild nach Westen vom Schwarzhorn aus auf 3140 m\u00fcM.\" width=\"584\" height=\"161\" srcset=\"https:\/\/hoepsi.ch\/wp-content\/uploads\/2015\/08\/Flueela-Schwarzhorn-Grialetsch-Flueela04-1024x283.jpg 1024w, https:\/\/hoepsi.ch\/wp-content\/uploads\/2015\/08\/Flueela-Schwarzhorn-Grialetsch-Flueela04-300x83.jpg 300w, https:\/\/hoepsi.ch\/wp-content\/uploads\/2015\/08\/Flueela-Schwarzhorn-Grialetsch-Flueela04-500x138.jpg 500w\" sizes=\"(max-width: 584px) 100vw, 584px\" \/><\/a><figcaption id=\"caption-attachment-607\" class=\"wp-caption-text\">Panoramabild nach Westen vom Schwarzhorn aus auf 3140 m\u00fcM.<\/figcaption><\/figure>\n<figure id=\"attachment_608\" aria-describedby=\"caption-attachment-608\" style=\"width: 584px\" class=\"wp-caption alignnone\"><a href=\"https:\/\/hoepsi.ch\/wp-content\/uploads\/2015\/08\/Flueela-Schwarzhorn-Grialetsch-Flueela05.jpg\"><img loading=\"lazy\" decoding=\"async\" class=\"size-large wp-image-608\" src=\"https:\/\/hoepsi.ch\/wp-content\/uploads\/2015\/08\/Flueela-Schwarzhorn-Grialetsch-Flueela05-1024x576.jpg\" alt=\"See vor der Grialetschh\u00fctte\" width=\"584\" height=\"329\" srcset=\"https:\/\/hoepsi.ch\/wp-content\/uploads\/2015\/08\/Flueela-Schwarzhorn-Grialetsch-Flueela05-1024x576.jpg 1024w, https:\/\/hoepsi.ch\/wp-content\/uploads\/2015\/08\/Flueela-Schwarzhorn-Grialetsch-Flueela05-300x169.jpg 300w, https:\/\/hoepsi.ch\/wp-content\/uploads\/2015\/08\/Flueela-Schwarzhorn-Grialetsch-Flueela05-500x281.jpg 500w, https:\/\/hoepsi.ch\/wp-content\/uploads\/2015\/08\/Flueela-Schwarzhorn-Grialetsch-Flueela05.jpg 2048w\" sizes=\"(max-width: 584px) 100vw, 584px\" \/><\/a><figcaption id=\"caption-attachment-608\" class=\"wp-caption-text\">See vor der Grialetschh\u00fctte<\/figcaption><\/figure>\n<figure id=\"attachment_609\" aria-describedby=\"caption-attachment-609\" style=\"width: 584px\" class=\"wp-caption alignnone\"><a href=\"https:\/\/hoepsi.ch\/wp-content\/uploads\/2015\/08\/Flueela-Schwarzhorn-Grialetsch-Flueela06.jpg\"><img loading=\"lazy\" decoding=\"async\" class=\"size-large wp-image-609\" src=\"https:\/\/hoepsi.ch\/wp-content\/uploads\/2015\/08\/Flueela-Schwarzhorn-Grialetsch-Flueela06-1024x576.jpg\" alt=\"Grialetschgletscher von der Grialetschh\u00fctte aus\" width=\"584\" height=\"329\" srcset=\"https:\/\/hoepsi.ch\/wp-content\/uploads\/2015\/08\/Flueela-Schwarzhorn-Grialetsch-Flueela06-1024x576.jpg 1024w, https:\/\/hoepsi.ch\/wp-content\/uploads\/2015\/08\/Flueela-Schwarzhorn-Grialetsch-Flueela06-300x169.jpg 300w, https:\/\/hoepsi.ch\/wp-content\/uploads\/2015\/08\/Flueela-Schwarzhorn-Grialetsch-Flueela06-500x281.jpg 500w, https:\/\/hoepsi.ch\/wp-content\/uploads\/2015\/08\/Flueela-Schwarzhorn-Grialetsch-Flueela06.jpg 2048w\" sizes=\"(max-width: 584px) 100vw, 584px\" \/><\/a><figcaption id=\"caption-attachment-609\" class=\"wp-caption-text\">Grialetschgletscher von der Grialetschh\u00fctte aus<\/figcaption><\/figure>\n<p>&nbsp;<\/p>\n","protected":false},"excerpt":{"rendered":"<p>Am 13. August 2015 startete ich vom Fl\u00fcelapass auf 2326 m\u00fcM meine Wanderung rauf auf&#8230;<\/p>\n","protected":false},"author":3,"featured_media":608,"comment_status":"open","ping_status":"closed","sticky":false,"template":"","format":"standard","meta":{"ngg_post_thumbnail":0,"footnotes":""},"categories":[1],"tags":[6,147,99,140],"_links":{"self":[{"href":"https:\/\/hoepsi.ch\/index.php?rest_route=\/wp\/v2\/posts\/602"}],"collection":[{"href":"https:\/\/hoepsi.ch\/index.php?rest_route=\/wp\/v2\/posts"}],"about":[{"href":"https:\/\/hoepsi.ch\/index.php?rest_route=\/wp\/v2\/types\/post"}],"author":[{"embeddable":true,"href":"https:\/\/hoepsi.ch\/index.php?rest_route=\/wp\/v2\/users\/3"}],"replies":[{"embeddable":true,"href":"https:\/\/hoepsi.ch\/index.php?rest_route=%2Fwp%2Fv2%2Fcomments&post=602"}],"version-history":[{"count":3,"href":"https:\/\/hoepsi.ch\/index.php?rest_route=\/wp\/v2\/posts\/602\/revisions"}],"predecessor-version":[{"id":679,"href":"https:\/\/hoepsi.ch\/index.php?rest_route=\/wp\/v2\/posts\/602\/revisions\/679"}],"wp:featuredmedia":[{"embeddable":true,"href":"https:\/\/hoepsi.ch\/index.php?rest_route=\/wp\/v2\/media\/608"}],"wp:attachment":[{"href":"https:\/\/hoepsi.ch\/index.php?rest_route=%2Fwp%2Fv2%2Fmedia&parent=602"}],"wp:term":[{"taxonomy":"category","embeddable":true,"href":"https:\/\/hoepsi.ch\/index.php?rest_route=%2Fwp%2Fv2%2Fcategories&post=602"},{"taxonomy":"post_tag","embeddable":true,"href":"https:\/\/hoepsi.ch\/index.php?rest_route=%2Fwp%2Fv2%2Ftags&post=602"}],"curies":[{"name":"wp","href":"https:\/\/api.w.org\/{rel}","templated":true}]}}