{"id":611,"date":"2015-08-23T15:14:33","date_gmt":"2015-08-23T13:14:33","guid":{"rendered":"http:\/\/www.hoepsi.ch\/?p=611"},"modified":"2020-02-11T23:41:05","modified_gmt":"2020-02-11T21:41:05","slug":"hochfeiler-3510-muem-hoechster-zillertaler-alpengipfel","status":"publish","type":"post","link":"https:\/\/hoepsi.ch\/?p=611","title":{"rendered":"Hochfeiler 3510 m\u00fcM &#8211; H\u00f6chster Zillertaler Alpengipfel"},"content":{"rendered":"<p>Die Tage vom 20.\/21. August 2015 nutzte ich f\u00fcr eine lang ersehnte Wanderung zuerst auf die Hochfeilerh\u00fctte auf 2710 m\u00fcM und am n\u00e4chsten Morgen auf den Gipfel des Hochfeilers auf 3510 m\u00fcM.<\/p>\n<p>Da es zwei Tage zuvor etwas geschneit hatte, war der Aufstieg nicht unproblematisch. Ab etwa 3000 m\u00fcM war der Weg mit einer ganz d\u00fcnnen Schnee-\/Eisschicht \u00fcberdeckt und die letzten 100 H\u00f6henmeter waren \u00fcber einen ca. 25 cm tiefen Schneepfad zu \u00fcberwinden.<\/p>\n<p>Das Wetter meinte es jedoch sehr gut mit allen Hochfeilerbesteigern. Mit etwas Vorsicht beim Aufstieg und noch mehr Vorsicht wieder beim Abstieg, erreichten viele Personen den Gipfel und konnten das herrliche Bergpanorama und die vielen umliegenden Gletscher bei etwas Bew\u00f6lkung und wenigen, vorbeiziehenden Nebelschwaden geniessen.<\/p>\n<p>Um ca. 10.30 Uhr machte ich mich dann auf den Abstieg zur Hochfeilerh\u00fctte. Im unteren Teil hatte die Sonne schon ganze Arbeit geleistet und einen grossen Teil des Schnees und Eis weggeschmolzen.<\/p>\n<p>Nach der erfolgreichen Suche des Geocaches <a href=\"http:\/\/coord.info\/GC15EBD\" target=\"_blank\" rel=\"noopener noreferrer\">GC15EBD<\/a>, welcher zur Hochfeilerbesteigung einfach dazugeh\u00f6rt und einer kleinen St\u00e4rkung bei der Hochfeilerh\u00fctte, machte ich mich schliesslich wieder auf den Nachhauseweg, d.h. zuerst nochmals 1000 H\u00f6henmeter zu Fuss nach unten zur 3. Kehre bei Stein im Pfitschertal zum Auto und von dort \u00fcber den Brenner und Arlberg wieder nach Hause.<\/p>\n<figure id=\"attachment_618\" aria-describedby=\"caption-attachment-618\" style=\"width: 584px\" class=\"wp-caption alignnone\"><a href=\"https:\/\/hoepsi.ch\/wp-content\/uploads\/2015\/08\/Hochfeiler00.jpg\"><img loading=\"lazy\" decoding=\"async\" class=\"size-large wp-image-618\" src=\"https:\/\/hoepsi.ch\/wp-content\/uploads\/2015\/08\/Hochfeiler00-1024x576.jpg\" alt=\"Hochfeilerh\u00fctte von oben\" width=\"584\" height=\"329\" srcset=\"https:\/\/hoepsi.ch\/wp-content\/uploads\/2015\/08\/Hochfeiler00-1024x576.jpg 1024w, https:\/\/hoepsi.ch\/wp-content\/uploads\/2015\/08\/Hochfeiler00-300x169.jpg 300w, https:\/\/hoepsi.ch\/wp-content\/uploads\/2015\/08\/Hochfeiler00-500x281.jpg 500w, https:\/\/hoepsi.ch\/wp-content\/uploads\/2015\/08\/Hochfeiler00.jpg 2048w\" sizes=\"(max-width: 584px) 100vw, 584px\" \/><\/a><figcaption id=\"caption-attachment-618\" class=\"wp-caption-text\">Hochfeilerh\u00fctte von oben<\/figcaption><\/figure>\n<figure id=\"attachment_619\" aria-describedby=\"caption-attachment-619\" style=\"width: 584px\" class=\"wp-caption alignnone\"><a href=\"https:\/\/hoepsi.ch\/wp-content\/uploads\/2015\/08\/Hochfeiler01.jpg\"><img loading=\"lazy\" decoding=\"async\" class=\"size-large wp-image-619\" src=\"https:\/\/hoepsi.ch\/wp-content\/uploads\/2015\/08\/Hochfeiler01-1024x576.jpg\" alt=\"Aufstieg zum Hochfeiler 1\" width=\"584\" height=\"329\" srcset=\"https:\/\/hoepsi.ch\/wp-content\/uploads\/2015\/08\/Hochfeiler01-1024x576.jpg 1024w, https:\/\/hoepsi.ch\/wp-content\/uploads\/2015\/08\/Hochfeiler01-300x169.jpg 300w, https:\/\/hoepsi.ch\/wp-content\/uploads\/2015\/08\/Hochfeiler01-500x281.jpg 500w, https:\/\/hoepsi.ch\/wp-content\/uploads\/2015\/08\/Hochfeiler01.jpg 2048w\" sizes=\"(max-width: 584px) 100vw, 584px\" \/><\/a><figcaption id=\"caption-attachment-619\" class=\"wp-caption-text\">Aufstieg zum Hochfeiler 1<\/figcaption><\/figure>\n<figure id=\"attachment_620\" aria-describedby=\"caption-attachment-620\" style=\"width: 584px\" class=\"wp-caption alignnone\"><a href=\"https:\/\/hoepsi.ch\/wp-content\/uploads\/2015\/08\/Hochfeiler01-2.jpg\"><img loading=\"lazy\" decoding=\"async\" class=\"size-large wp-image-620\" src=\"https:\/\/hoepsi.ch\/wp-content\/uploads\/2015\/08\/Hochfeiler01-2-1024x576.jpg\" alt=\"Aufstieg zum Hochfeiler 2\" width=\"584\" height=\"329\" srcset=\"https:\/\/hoepsi.ch\/wp-content\/uploads\/2015\/08\/Hochfeiler01-2-1024x576.jpg 1024w, https:\/\/hoepsi.ch\/wp-content\/uploads\/2015\/08\/Hochfeiler01-2-300x169.jpg 300w, https:\/\/hoepsi.ch\/wp-content\/uploads\/2015\/08\/Hochfeiler01-2-500x281.jpg 500w, https:\/\/hoepsi.ch\/wp-content\/uploads\/2015\/08\/Hochfeiler01-2.jpg 2048w\" sizes=\"(max-width: 584px) 100vw, 584px\" \/><\/a><figcaption id=\"caption-attachment-620\" class=\"wp-caption-text\">Aufstieg zum Hochfeiler 2<\/figcaption><\/figure>\n<figure id=\"attachment_621\" aria-describedby=\"caption-attachment-621\" style=\"width: 576px\" class=\"wp-caption alignnone\"><a href=\"https:\/\/hoepsi.ch\/wp-content\/uploads\/2015\/08\/Hochfeiler01-3.jpg\"><img loading=\"lazy\" decoding=\"async\" class=\"size-large wp-image-621\" src=\"https:\/\/hoepsi.ch\/wp-content\/uploads\/2015\/08\/Hochfeiler01-3-576x1024.jpg\" alt=\"(Stein)Mannli mit Hochfeiler im Hintergrund\" width=\"576\" height=\"1024\" srcset=\"https:\/\/hoepsi.ch\/wp-content\/uploads\/2015\/08\/Hochfeiler01-3-576x1024.jpg 576w, https:\/\/hoepsi.ch\/wp-content\/uploads\/2015\/08\/Hochfeiler01-3-169x300.jpg 169w, https:\/\/hoepsi.ch\/wp-content\/uploads\/2015\/08\/Hochfeiler01-3.jpg 1152w\" sizes=\"(max-width: 576px) 100vw, 576px\" \/><\/a><figcaption id=\"caption-attachment-621\" class=\"wp-caption-text\">(Stein)Mannli mit Hochfeiler im Hintergrund<\/figcaption><\/figure>\n<figure id=\"attachment_622\" aria-describedby=\"caption-attachment-622\" style=\"width: 584px\" class=\"wp-caption alignnone\"><a href=\"https:\/\/hoepsi.ch\/wp-content\/uploads\/2015\/08\/Hochfeiler02.jpg\"><img loading=\"lazy\" decoding=\"async\" class=\"size-large wp-image-622\" src=\"https:\/\/hoepsi.ch\/wp-content\/uploads\/2015\/08\/Hochfeiler02-1024x576.jpg\" alt=\"Hochfeiler 3510 m\u00fcM, es ist nicht mehr weit!\" width=\"584\" height=\"329\" srcset=\"https:\/\/hoepsi.ch\/wp-content\/uploads\/2015\/08\/Hochfeiler02-1024x576.jpg 1024w, https:\/\/hoepsi.ch\/wp-content\/uploads\/2015\/08\/Hochfeiler02-300x169.jpg 300w, https:\/\/hoepsi.ch\/wp-content\/uploads\/2015\/08\/Hochfeiler02-500x281.jpg 500w, https:\/\/hoepsi.ch\/wp-content\/uploads\/2015\/08\/Hochfeiler02.jpg 2048w\" sizes=\"(max-width: 584px) 100vw, 584px\" \/><\/a><figcaption id=\"caption-attachment-622\" class=\"wp-caption-text\">Hochfeiler 3510 m\u00fcM, es ist nicht mehr weit!<\/figcaption><\/figure>\n<figure id=\"attachment_616\" aria-describedby=\"caption-attachment-616\" style=\"width: 584px\" class=\"wp-caption alignnone\"><a href=\"https:\/\/hoepsi.ch\/wp-content\/uploads\/2015\/08\/Hochfeiler05.jpg\"><img loading=\"lazy\" decoding=\"async\" class=\"size-large wp-image-616\" src=\"https:\/\/hoepsi.ch\/wp-content\/uploads\/2015\/08\/Hochfeiler05-1024x576.jpg\" alt=\"Vorsichtiger Auf-\/Abstieg\" width=\"584\" height=\"329\" srcset=\"https:\/\/hoepsi.ch\/wp-content\/uploads\/2015\/08\/Hochfeiler05-1024x576.jpg 1024w, https:\/\/hoepsi.ch\/wp-content\/uploads\/2015\/08\/Hochfeiler05-300x169.jpg 300w, https:\/\/hoepsi.ch\/wp-content\/uploads\/2015\/08\/Hochfeiler05-500x281.jpg 500w, https:\/\/hoepsi.ch\/wp-content\/uploads\/2015\/08\/Hochfeiler05.jpg 2048w\" sizes=\"(max-width: 584px) 100vw, 584px\" \/><\/a><figcaption id=\"caption-attachment-616\" class=\"wp-caption-text\">Vorsichtiger Auf-\/Abstieg<\/figcaption><\/figure>\n<figure id=\"attachment_615\" aria-describedby=\"caption-attachment-615\" style=\"width: 584px\" class=\"wp-caption alignnone\"><a href=\"https:\/\/hoepsi.ch\/wp-content\/uploads\/2015\/08\/Hochfeiler04.jpg\"><img loading=\"lazy\" decoding=\"async\" class=\"wp-image-615 size-large\" src=\"https:\/\/hoepsi.ch\/wp-content\/uploads\/2015\/08\/Hochfeiler04-1024x576.jpg\" alt=\"In K\u00fcrze ist es geschafft!\" width=\"584\" height=\"329\" srcset=\"https:\/\/hoepsi.ch\/wp-content\/uploads\/2015\/08\/Hochfeiler04-1024x576.jpg 1024w, https:\/\/hoepsi.ch\/wp-content\/uploads\/2015\/08\/Hochfeiler04-300x169.jpg 300w, https:\/\/hoepsi.ch\/wp-content\/uploads\/2015\/08\/Hochfeiler04-500x281.jpg 500w, https:\/\/hoepsi.ch\/wp-content\/uploads\/2015\/08\/Hochfeiler04.jpg 2048w\" sizes=\"(max-width: 584px) 100vw, 584px\" \/><\/a><figcaption id=\"caption-attachment-615\" class=\"wp-caption-text\">In K\u00fcrze ist es geschafft!<\/figcaption><\/figure>\n<figure id=\"attachment_614\" aria-describedby=\"caption-attachment-614\" style=\"width: 584px\" class=\"wp-caption alignnone\"><a href=\"https:\/\/hoepsi.ch\/wp-content\/uploads\/2015\/08\/Hochfeiler03-2.jpg\"><img loading=\"lazy\" decoding=\"async\" class=\"size-large wp-image-614\" src=\"https:\/\/hoepsi.ch\/wp-content\/uploads\/2015\/08\/Hochfeiler03-2-1024x291.jpg\" alt=\"Blick vom Hochfeiler auf Berggipfel und Gletscher.\" width=\"584\" height=\"166\" srcset=\"https:\/\/hoepsi.ch\/wp-content\/uploads\/2015\/08\/Hochfeiler03-2-1024x291.jpg 1024w, https:\/\/hoepsi.ch\/wp-content\/uploads\/2015\/08\/Hochfeiler03-2-300x85.jpg 300w, https:\/\/hoepsi.ch\/wp-content\/uploads\/2015\/08\/Hochfeiler03-2-500x142.jpg 500w\" sizes=\"(max-width: 584px) 100vw, 584px\" \/><\/a><figcaption id=\"caption-attachment-614\" class=\"wp-caption-text\">Blick vom Hochfeiler auf Berggipfel und Gletscher.<\/figcaption><\/figure>\n<figure id=\"attachment_612\" aria-describedby=\"caption-attachment-612\" style=\"width: 584px\" class=\"wp-caption alignnone\"><a href=\"https:\/\/hoepsi.ch\/wp-content\/uploads\/2015\/08\/Hochfeiler03.jpg\"><img loading=\"lazy\" decoding=\"async\" class=\"size-large wp-image-612\" src=\"https:\/\/hoepsi.ch\/wp-content\/uploads\/2015\/08\/Hochfeiler03-1024x576.jpg\" alt=\"Blick vom Hochfeiler auf verschiedene Gletscher.\" width=\"584\" height=\"329\" srcset=\"https:\/\/hoepsi.ch\/wp-content\/uploads\/2015\/08\/Hochfeiler03-1024x576.jpg 1024w, https:\/\/hoepsi.ch\/wp-content\/uploads\/2015\/08\/Hochfeiler03-300x169.jpg 300w, https:\/\/hoepsi.ch\/wp-content\/uploads\/2015\/08\/Hochfeiler03-500x281.jpg 500w, https:\/\/hoepsi.ch\/wp-content\/uploads\/2015\/08\/Hochfeiler03.jpg 2048w\" sizes=\"(max-width: 584px) 100vw, 584px\" \/><\/a><figcaption id=\"caption-attachment-612\" class=\"wp-caption-text\">Blick vom Hochfeiler auf verschiedene Gletscher.<\/figcaption><\/figure>\n<figure id=\"attachment_613\" aria-describedby=\"caption-attachment-613\" style=\"width: 584px\" class=\"wp-caption alignnone\"><a href=\"https:\/\/hoepsi.ch\/wp-content\/uploads\/2015\/08\/Hochfeiler03-1.jpg\"><img loading=\"lazy\" decoding=\"async\" class=\"size-large wp-image-613\" src=\"https:\/\/hoepsi.ch\/wp-content\/uploads\/2015\/08\/Hochfeiler03-1-1024x576.jpg\" alt=\"Hochfeiler-Gletscher\" width=\"584\" height=\"329\" srcset=\"https:\/\/hoepsi.ch\/wp-content\/uploads\/2015\/08\/Hochfeiler03-1-1024x576.jpg 1024w, https:\/\/hoepsi.ch\/wp-content\/uploads\/2015\/08\/Hochfeiler03-1-300x169.jpg 300w, https:\/\/hoepsi.ch\/wp-content\/uploads\/2015\/08\/Hochfeiler03-1-500x281.jpg 500w, https:\/\/hoepsi.ch\/wp-content\/uploads\/2015\/08\/Hochfeiler03-1.jpg 2048w\" sizes=\"(max-width: 584px) 100vw, 584px\" \/><\/a><figcaption id=\"caption-attachment-613\" class=\"wp-caption-text\">Hochfeiler-Gletscher<\/figcaption><\/figure>\n<figure id=\"attachment_617\" aria-describedby=\"caption-attachment-617\" style=\"width: 584px\" class=\"wp-caption alignnone\"><a href=\"https:\/\/hoepsi.ch\/wp-content\/uploads\/2015\/08\/Hochfeiler06.jpg\"><img loading=\"lazy\" decoding=\"async\" class=\"size-large wp-image-617\" src=\"https:\/\/hoepsi.ch\/wp-content\/uploads\/2015\/08\/Hochfeiler06-1024x576.jpg\" alt=\"Blick unterhalb des Hochfeilers nach Westen.\" width=\"584\" height=\"329\" srcset=\"https:\/\/hoepsi.ch\/wp-content\/uploads\/2015\/08\/Hochfeiler06-1024x576.jpg 1024w, https:\/\/hoepsi.ch\/wp-content\/uploads\/2015\/08\/Hochfeiler06-300x169.jpg 300w, https:\/\/hoepsi.ch\/wp-content\/uploads\/2015\/08\/Hochfeiler06-500x281.jpg 500w, https:\/\/hoepsi.ch\/wp-content\/uploads\/2015\/08\/Hochfeiler06.jpg 2048w\" sizes=\"(max-width: 584px) 100vw, 584px\" \/><\/a><figcaption id=\"caption-attachment-617\" class=\"wp-caption-text\">Blick unterhalb des Hochfeilers nach Westen.<\/figcaption><\/figure>\n","protected":false},"excerpt":{"rendered":"<p>Die Tage vom 20.\/21. August 2015 nutzte ich f\u00fcr eine lang ersehnte Wanderung zuerst auf&#8230;<\/p>\n","protected":false},"author":3,"featured_media":614,"comment_status":"open","ping_status":"closed","sticky":false,"template":"","format":"standard","meta":{"ngg_post_thumbnail":0,"footnotes":""},"categories":[1],"tags":[120,6,150,148,149,140],"_links":{"self":[{"href":"https:\/\/hoepsi.ch\/index.php?rest_route=\/wp\/v2\/posts\/611"}],"collection":[{"href":"https:\/\/hoepsi.ch\/index.php?rest_route=\/wp\/v2\/posts"}],"about":[{"href":"https:\/\/hoepsi.ch\/index.php?rest_route=\/wp\/v2\/types\/post"}],"author":[{"embeddable":true,"href":"https:\/\/hoepsi.ch\/index.php?rest_route=\/wp\/v2\/users\/3"}],"replies":[{"embeddable":true,"href":"https:\/\/hoepsi.ch\/index.php?rest_route=%2Fwp%2Fv2%2Fcomments&post=611"}],"version-history":[{"count":4,"href":"https:\/\/hoepsi.ch\/index.php?rest_route=\/wp\/v2\/posts\/611\/revisions"}],"predecessor-version":[{"id":654,"href":"https:\/\/hoepsi.ch\/index.php?rest_route=\/wp\/v2\/posts\/611\/revisions\/654"}],"wp:featuredmedia":[{"embeddable":true,"href":"https:\/\/hoepsi.ch\/index.php?rest_route=\/wp\/v2\/media\/614"}],"wp:attachment":[{"href":"https:\/\/hoepsi.ch\/index.php?rest_route=%2Fwp%2Fv2%2Fmedia&parent=611"}],"wp:term":[{"taxonomy":"category","embeddable":true,"href":"https:\/\/hoepsi.ch\/index.php?rest_route=%2Fwp%2Fv2%2Fcategories&post=611"},{"taxonomy":"post_tag","embeddable":true,"href":"https:\/\/hoepsi.ch\/index.php?rest_route=%2Fwp%2Fv2%2Ftags&post=611"}],"curies":[{"name":"wp","href":"https:\/\/api.w.org\/{rel}","templated":true}]}}